{"id":80354,"date":"2019-01-08T11:56:29","date_gmt":"2019-01-08T14:56:29","guid":{"rendered":"http:\/\/www.caririemacao.com\/1\/?p=80354"},"modified":"2019-01-08T11:56:29","modified_gmt":"2019-01-08T14:56:29","slug":"sus-oferece-novo-tratamento-para-pacientes-com-degeneracao-da-retina","status":"publish","type":"post","link":"https:\/\/www.caririemacao.com\/1\/2019\/01\/08\/sus-oferece-novo-tratamento-para-pacientes-com-degeneracao-da-retina\/","title":{"rendered":"SUS oferece novo tratamento para pacientes com degenera\u00e7\u00e3o da retina"},"content":{"rendered":"<p>O Minist\u00e9rio da Sa\u00fade informou ter ampliado o tratamento oferecido a pacientes com degenera\u00e7\u00e3o macular relacionada \u00e0 idade por meio da oferta do medicamento antigiog\u00eanico e do exame de tomografia de coer\u00eancia \u00f3ptica. Segundo a pasta, ambas as incorpora\u00e7\u00f5es s\u00e3o importantes para a detec\u00e7\u00e3o precoce e para tratar casos j\u00e1 confirmados, estabilizando a evolu\u00e7\u00e3o da doen\u00e7a. A degenera\u00e7\u00e3o macular atinge a parte central da retina e leva \u00e0 perda progressiva da vis\u00e3o central.<\/p>\n<p>Os dois novos procedimentos devem atender pacientes a partir dos 60 anos, conforme Protocolo Cl\u00ednico e Diretrizes Terap\u00eauticas da Degenera\u00e7\u00e3o Macular Relacionada \u00e0 Idade. O medicamento antigiog\u00eanico \u00e9 injet\u00e1vel e pode ser feito em um ou nos dois olhos, com intervalo m\u00ednimo de 15 dias entre um olho e outro. J\u00e1 a tomografia de coer\u00eancia \u00f3ptica \u00e9 um exame n\u00e3o invasivo para diagn\u00f3stico da doen\u00e7a nos dois olhos. A proposta \u00e9 detectar sinais microsc\u00f3picos de altera\u00e7\u00f5es precoces da retina.<\/p>\n<h2>A doen\u00e7a<\/h2>\n<p>A degenera\u00e7\u00e3o macular relacionada \u00e0 idade \u00e9 uma doen\u00e7a progressiva que acomete a \u00e1rea central da retina, onde as imagens s\u00e3o formadas, levando invariavelmente \u00e0 perda da vis\u00e3o central. O principal fator de risco \u00e9 o aumento da idade. A doen\u00e7a pode ser classificada como seca, respons\u00e1vel pela maior parte dos casos (85%-90%), ou \u00famida (10%-15%).<\/p>\n","protected":false},"excerpt":{"rendered":"<p>O Minist\u00e9rio da Sa\u00fade informou ter ampliado o tratamento oferecido a pacientes com degenera\u00e7\u00e3o macular relacionada \u00e0 idade por meio da oferta do medicamento antigiog\u00eanico&hellip; <\/p>\n","protected":false},"author":1,"featured_media":80355,"comment_status":"closed","ping_status":"closed","sticky":false,"template":"","format":"standard","meta":{"sfsi_plus_gutenberg_text_before_share":"","sfsi_plus_gutenberg_show_text_before_share":"","sfsi_plus_gutenberg_icon_type":"","sfsi_plus_gutenberg_icon_alignemt":"","sfsi_plus_gutenburg_max_per_row":"","footnotes":""},"categories":[16],"tags":[],"class_list":["post-80354","post","type-post","status-publish","format-standard","has-post-thumbnail","hentry","category-saude"],"_links":{"self":[{"href":"https:\/\/www.caririemacao.com\/1\/wp-json\/wp\/v2\/posts\/80354","targetHints":{"allow":["GET"]}}],"collection":[{"href":"https:\/\/www.caririemacao.com\/1\/wp-json\/wp\/v2\/posts"}],"about":[{"href":"https:\/\/www.caririemacao.com\/1\/wp-json\/wp\/v2\/types\/post"}],"author":[{"embeddable":true,"href":"https:\/\/www.caririemacao.com\/1\/wp-json\/wp\/v2\/users\/1"}],"replies":[{"embeddable":true,"href":"https:\/\/www.caririemacao.com\/1\/wp-json\/wp\/v2\/comments?post=80354"}],"version-history":[{"count":1,"href":"https:\/\/www.caririemacao.com\/1\/wp-json\/wp\/v2\/posts\/80354\/revisions"}],"predecessor-version":[{"id":80356,"href":"https:\/\/www.caririemacao.com\/1\/wp-json\/wp\/v2\/posts\/80354\/revisions\/80356"}],"wp:featuredmedia":[{"embeddable":true,"href":"https:\/\/www.caririemacao.com\/1\/wp-json\/wp\/v2\/media\/80355"}],"wp:attachment":[{"href":"https:\/\/www.caririemacao.com\/1\/wp-json\/wp\/v2\/media?parent=80354"}],"wp:term":[{"taxonomy":"category","embeddable":true,"href":"https:\/\/www.caririemacao.com\/1\/wp-json\/wp\/v2\/categories?post=80354"},{"taxonomy":"post_tag","embeddable":true,"href":"https:\/\/www.caririemacao.com\/1\/wp-json\/wp\/v2\/tags?post=80354"}],"curies":[{"name":"wp","href":"https:\/\/api.w.org\/{rel}","templated":true}]}}