{"id":80360,"date":"2019-01-08T12:00:34","date_gmt":"2019-01-08T15:00:34","guid":{"rendered":"http:\/\/www.caririemacao.com\/1\/?p=80360"},"modified":"2019-01-08T12:00:34","modified_gmt":"2019-01-08T15:00:34","slug":"governo-estuda-privatizar-ou-liquidar-100-estatais-diz-ministro","status":"publish","type":"post","link":"https:\/\/www.caririemacao.com\/1\/2019\/01\/08\/governo-estuda-privatizar-ou-liquidar-100-estatais-diz-ministro\/","title":{"rendered":"Governo estuda privatizar ou liquidar 100 estatais, diz ministro"},"content":{"rendered":"<p>O ministro da Infraestrutura, Tarc\u00edsio Gomes de Freitas, antecipou hoje (8), antes de participar da segunda reuni\u00e3o ministerial, no Pal\u00e1cio do Planalto, <a href=\"http:\/\/agenciabrasil.ebc.com.br\/politica\/noticia\/2018-11\/caixa-e-bb-nao-estao-no-radar-das-privatizacoes-diz-bolsonaro\" target=\"_blank\" rel=\"noopener\">que h\u00e1 proje\u00e7\u00f5es para privatizar ou liquidar cerca de 100 estatais,<\/a> incluindo subsidi\u00e1rias do Banco do Brasil, Banco Nacional de Desenvolvimento Econ\u00f4mico e Social (BNDES) e Petrobras, entre outras. A meta \u00e9 reduzir gastos e levantar recursos.<\/p>\n<p>Segundo o ministro, <a href=\"http:\/\/agenciabrasil.ebc.com.br\/politica\/noticia\/2018-11\/petrobras-pode-ser-privatizada-em-parte-diz-bolsonaro\" target=\"_blank\" rel=\"noopener\">as privatiza\u00e7\u00f5es podem ocorrer nos pr\u00f3ximos meses<\/a>. Ele n\u00e3o detalhou os planos de desestatiza\u00e7\u00e3o, mas afirmou que ser\u00e3o seguidos os crit\u00e9rios funcionais.<\/p>\n<div class=\"dnd-widget-wrapper context-cheio_8colunas type-image\">\n<div class=\"dnd-atom-rendered\"><!-- scald=110189:cheio_8colunas --><\/p>\n<figure class=\"mejs-fotoh-wrapper\"><img decoding=\"async\" class=\"img-responsive full full lazyload\" title=\"ABR; Elza Fi\u00faza\/Ag\u00eancia Brasil\" data-src=\"http:\/\/imagens.ebc.com.br\/3QwQwp6hFvbsaiCMVW1gDxRmZyY=\/754x0\/smart\/http:\/\/agenciabrasil.ebc.com.br\/sites\/default\/files\/atoms\/image\/941235-denit.jpg?itok=xZXNS9MN\" alt=\"O Departamento Nacional de Infraestrutura de Transportes (Dnit) um aplicativo que permite aos motoristas reportarem todos os problemas que encontrarem pelas rodovias federais.  E\/D:  Diretor-Geral do DNIT, Tarc\u00edsio Gomes de Freitas,\" src=\"data:image\/svg+xml;base64,PHN2ZyB3aWR0aD0iMSIgaGVpZ2h0PSIxIiB4bWxucz0iaHR0cDovL3d3dy53My5vcmcvMjAwMC9zdmciPjwvc3ZnPg==\" \/><\/figure>\n<p><!-- END scald=110189 --><\/div>\n<div class=\"dnd-caption-wrapper\">\n<div class=\"meta\"><!--copyright=110189-->Ministro da Infraestrutura, Tarc\u00edsio Gomes de Freitas, disse que h\u00e1 proje\u00e7\u00f5es para privatizar ou liquidar cerca de 100 estatais, incluindo subsidi\u00e1rias do Banco do Brasil, BNDES e Petrobras. Meta \u00e9 reduzir gastos <strong>(<\/strong><strong>Elza Fi\u00faza\/Ag\u00eancia Brasil)<\/strong><!--END copyright=110189--><\/div>\n<\/div>\n<\/div>\n<p>\u201c<a href=\"http:\/\/agenciabrasil.ebc.com.br\/politica\/noticia\/2019-01\/com-concessoes-bolsonaro-diz-que-pais-atraira-investimentos\" target=\"_blank\" rel=\"noopener\">\u00c9 poss\u00edvel colocar em pr\u00e1tica se voc\u00ea pensar que h\u00e1 muitas subsidi\u00e1rias<\/a>. Obviamente, a gente est\u00e1 falando n\u00e3o s\u00f3 de privatiza\u00e7\u00f5es, mas tamb\u00e9m de liquida\u00e7\u00e3o de empresas que n\u00e3o fazem mais sentido. As liquida\u00e7\u00f5es v\u00e3o desonerar o or\u00e7amento e vai sobrando dinheiro para investir em outras prioridades.\u201d<\/p>\n<p>O ministro concedeu entrevista exclusiva \u00e0 r\u00e1dio CBN na manh\u00e3 desta ter\u00e7a-feira, em Bras\u00edlia.<\/p>\n<h2>Parcerias<\/h2>\n<p>Tarc\u00edsio Freitas disse, ainda, que refor\u00e7ar\u00e1 as negocia\u00e7\u00f5es com a iniciativa privada para buscar incentivos aos investimentos em infraestrutura no pa\u00eds e priorizar outros gastos com recursos p\u00fablicos.<\/p>\n<p>Ele afirmou que a equipe j\u00e1 \u201csabe o que fazer\u201d. \u201cN\u00e3o h\u00e1 mais recurso fiscal. Para prover infraestrutura, vamos ter que contar muito com a iniciativa privada, por isso, nosso foco nas concess\u00f5es, nas parcerias publico-privadas\u201d, explicou.<\/p>\n<p>Durante a reuni\u00e3o ministerial de hoje, os ministros devem apresentar planos e propostas de enxugamento da pasta e medidas de r\u00e1pida implementa\u00e7\u00e3o.<\/p>\n<p>\u201cVamos pegar projetos que s\u00e3o de iniciativa de parlamentares que v\u00e3o contribuir para a melhoria do ambiente de neg\u00f3cios e seguran\u00e7a jur\u00eddica\u201d, disse.<\/p>\n<p>Na mira de sua equipe, est\u00e3o propostas j\u00e1 em tramita\u00e7\u00e3o que tratam de licenciamento ambiental, o papel das ag\u00eancias reguladores e a atualiza\u00e7\u00e3o do marco de desapropria\u00e7\u00f5es que atualmente segue o modelo de 1941. Para o ministro, o pa\u00eds precisa desenvolver bons projetos para atrair investimentos estrangeiros com estoque de capital.<\/p>\n<p>\u201cA gente tem que mostrar que nossos projetos s\u00e3o bons, que v\u00e3o dar boa taxa de retorno e est\u00e3o endere\u00e7ando corretamente os riscos. H\u00e1 que se afastar o risco de insolv\u00eancia do pa\u00eds, portanto, a quest\u00e3o fiscal e a reforma da Previd\u00eancia s\u00e3o muito importantes\u201d, reiterou.<\/p>\n<h2>Rodovias<\/h2>\n<p>De acordo com o ministro da Infraestrutura, h\u00e1 planos definidos para ferrovias e setor portu\u00e1rio e metas para recupera\u00e7\u00e3o da malha rodovi\u00e1ria.<\/p>\n<p>Ele lembrou que a constru\u00e7\u00e3o e manuten\u00e7\u00e3o da infraestrutura vi\u00e1ria tem um alto custo e disse que parte dessa responsabilidade pode ser passada para o setor privado se houver compatibilidade comercial.<\/p>\n<p>\u201cTenho que pegar todos os trechos pass\u00edveis de explora\u00e7\u00e3o pela iniciativa privada. Isso vai fazer com que, na \u00e1rea da concess\u00e3o, a gente disponibilize para a iniciativa privada quase 9 mil quil\u00f4metros de rodovias\u201d, disse.<\/p>\n<p>Segundo ele, desse total, 5,6 mil quil\u00f4metros seriam novas concess\u00f5es.<\/p>\n","protected":false},"excerpt":{"rendered":"<p>O ministro da Infraestrutura, Tarc\u00edsio Gomes de Freitas, antecipou hoje (8), antes de participar da segunda reuni\u00e3o ministerial, no Pal\u00e1cio do Planalto, que h\u00e1 proje\u00e7\u00f5es&hellip; <\/p>\n","protected":false},"author":1,"featured_media":80361,"comment_status":"closed","ping_status":"closed","sticky":false,"template":"","format":"standard","meta":{"sfsi_plus_gutenberg_text_before_share":"","sfsi_plus_gutenberg_show_text_before_share":"","sfsi_plus_gutenberg_icon_type":"","sfsi_plus_gutenberg_icon_alignemt":"","sfsi_plus_gutenburg_max_per_row":"","footnotes":""},"categories":[11],"tags":[],"class_list":["post-80360","post","type-post","status-publish","format-standard","has-post-thumbnail","hentry","category-politica"],"_links":{"self":[{"href":"https:\/\/www.caririemacao.com\/1\/wp-json\/wp\/v2\/posts\/80360","targetHints":{"allow":["GET"]}}],"collection":[{"href":"https:\/\/www.caririemacao.com\/1\/wp-json\/wp\/v2\/posts"}],"about":[{"href":"https:\/\/www.caririemacao.com\/1\/wp-json\/wp\/v2\/types\/post"}],"author":[{"embeddable":true,"href":"https:\/\/www.caririemacao.com\/1\/wp-json\/wp\/v2\/users\/1"}],"replies":[{"embeddable":true,"href":"https:\/\/www.caririemacao.com\/1\/wp-json\/wp\/v2\/comments?post=80360"}],"version-history":[{"count":1,"href":"https:\/\/www.caririemacao.com\/1\/wp-json\/wp\/v2\/posts\/80360\/revisions"}],"predecessor-version":[{"id":80362,"href":"https:\/\/www.caririemacao.com\/1\/wp-json\/wp\/v2\/posts\/80360\/revisions\/80362"}],"wp:featuredmedia":[{"embeddable":true,"href":"https:\/\/www.caririemacao.com\/1\/wp-json\/wp\/v2\/media\/80361"}],"wp:attachment":[{"href":"https:\/\/www.caririemacao.com\/1\/wp-json\/wp\/v2\/media?parent=80360"}],"wp:term":[{"taxonomy":"category","embeddable":true,"href":"https:\/\/www.caririemacao.com\/1\/wp-json\/wp\/v2\/categories?post=80360"},{"taxonomy":"post_tag","embeddable":true,"href":"https:\/\/www.caririemacao.com\/1\/wp-json\/wp\/v2\/tags?post=80360"}],"curies":[{"name":"wp","href":"https:\/\/api.w.org\/{rel}","templated":true}]}}