{"id":80363,"date":"2019-01-08T12:09:29","date_gmt":"2019-01-08T15:09:29","guid":{"rendered":"http:\/\/www.caririemacao.com\/1\/?p=80363"},"modified":"2019-01-08T12:09:29","modified_gmt":"2019-01-08T15:09:29","slug":"novo-presidente-da-famup-garante-boa-relacao-com-associacao-dos-municipios-do-cariri","status":"publish","type":"post","link":"https:\/\/www.caririemacao.com\/1\/2019\/01\/08\/novo-presidente-da-famup-garante-boa-relacao-com-associacao-dos-municipios-do-cariri\/","title":{"rendered":"Novo presidente da FAMUP garante boa rela\u00e7\u00e3o com Associa\u00e7\u00e3o dos Munic\u00edpios do Cariri"},"content":{"rendered":"<p>O prefeito de Sobrado, George Coelho (PSB), tomou posse, na noite desta segunda-feira (07), como novo presidente da Federa\u00e7\u00e3o das Associa\u00e7\u00f5es dos Munic\u00edpios Paraibanos (Famup), em evento ocorrido na sede da ASPLAN em Jo\u00e3o Pessoa.Perguntado sobre uma das reivindica\u00e7\u00f5es dos gestores paraibanos para que a federa\u00e7\u00e3o estivesse mais presente nas regi\u00f5es do interior o novo presidente foi enf\u00e1tico ao dizer que sua chapa por si s\u00f3 j\u00e1 dava esse sinal que a gest\u00e3o ter\u00e1 um olhar especial para os munic\u00edpios interioranos.<\/p>\n<p>\u201cNossa chapa j\u00e1 mostra que vamos ter uma aten\u00e7\u00e3o especial com o interior, pois temos prefeitos do cariri, Serid\u00f3, sert\u00e3o, regi\u00e3o da Borborema e litoral. N\u00f3s vamos ficar mais perto dos nossos gestores sejam eles de onde for\u201d, disse George.<\/p>\n<p>O novo presidente falou sobre a rela\u00e7\u00e3o da FAMUP com outras associa\u00e7\u00f5es municipalistas como a Associa\u00e7\u00e3o dos Munic\u00edpios do Cariri e Agreste Paraibano \u2013 AMCAP, que \u00e9 presidida pelo prefeito de Gurj\u00e3o (Ronaldo Queiroz), que apoiou a chapa advers\u00e1ria \u00e0 George Coelho, e disse que \u00e9 momento de parceria e que a elei\u00e7\u00e3o passou, pois agora \u00e9 momento de uni\u00e3o.<\/p>\n<p>\u201cConhe\u00e7o o prefeito Ronaldo e o fato de termos ficados em lados opostos na elei\u00e7\u00e3o da FAMUP n\u00e3o muda em nada, pois foi apenas uma elei\u00e7\u00e3o de l\u00edderes. Vou sim buscar parcerias para levar as a\u00e7\u00f5es da nossa federa\u00e7\u00e3o a regi\u00e3o do Cariri Paraibano onde tenho v\u00e1rios gestores colegas\u201d, disse George.<\/p>\n<p>Na oportunidade o Prefeito de Boa Vista, Andr\u00e9 Gomes tamb\u00e9m tomou posse na vice-presid\u00eancia da federa\u00e7\u00e3o. O prefeito de Juazeirinho, Bevilacqua Matias, que tamb\u00e9m foi um dos articuladores da chapa, esteve presente no evento de posse.<\/p>\n<p>&nbsp;<\/p>\n<p>Para\u00edba Mix<\/p>\n","protected":false},"excerpt":{"rendered":"<p>O prefeito de Sobrado, George Coelho (PSB), tomou posse, na noite desta segunda-feira (07), como novo presidente da Federa\u00e7\u00e3o das Associa\u00e7\u00f5es dos Munic\u00edpios Paraibanos (Famup),&hellip; <\/p>\n","protected":false},"author":1,"featured_media":80364,"comment_status":"closed","ping_status":"closed","sticky":false,"template":"","format":"standard","meta":{"sfsi_plus_gutenberg_text_before_share":"","sfsi_plus_gutenberg_show_text_before_share":"","sfsi_plus_gutenberg_icon_type":"","sfsi_plus_gutenberg_icon_alignemt":"","sfsi_plus_gutenburg_max_per_row":"","footnotes":""},"categories":[6],"tags":[],"class_list":["post-80363","post","type-post","status-publish","format-standard","has-post-thumbnail","hentry","category-cidades"],"_links":{"self":[{"href":"https:\/\/www.caririemacao.com\/1\/wp-json\/wp\/v2\/posts\/80363","targetHints":{"allow":["GET"]}}],"collection":[{"href":"https:\/\/www.caririemacao.com\/1\/wp-json\/wp\/v2\/posts"}],"about":[{"href":"https:\/\/www.caririemacao.com\/1\/wp-json\/wp\/v2\/types\/post"}],"author":[{"embeddable":true,"href":"https:\/\/www.caririemacao.com\/1\/wp-json\/wp\/v2\/users\/1"}],"replies":[{"embeddable":true,"href":"https:\/\/www.caririemacao.com\/1\/wp-json\/wp\/v2\/comments?post=80363"}],"version-history":[{"count":1,"href":"https:\/\/www.caririemacao.com\/1\/wp-json\/wp\/v2\/posts\/80363\/revisions"}],"predecessor-version":[{"id":80366,"href":"https:\/\/www.caririemacao.com\/1\/wp-json\/wp\/v2\/posts\/80363\/revisions\/80366"}],"wp:featuredmedia":[{"embeddable":true,"href":"https:\/\/www.caririemacao.com\/1\/wp-json\/wp\/v2\/media\/80364"}],"wp:attachment":[{"href":"https:\/\/www.caririemacao.com\/1\/wp-json\/wp\/v2\/media?parent=80363"}],"wp:term":[{"taxonomy":"category","embeddable":true,"href":"https:\/\/www.caririemacao.com\/1\/wp-json\/wp\/v2\/categories?post=80363"},{"taxonomy":"post_tag","embeddable":true,"href":"https:\/\/www.caririemacao.com\/1\/wp-json\/wp\/v2\/tags?post=80363"}],"curies":[{"name":"wp","href":"https:\/\/api.w.org\/{rel}","templated":true}]}}