{"id":80377,"date":"2019-01-08T12:17:41","date_gmt":"2019-01-08T15:17:41","guid":{"rendered":"http:\/\/www.caririemacao.com\/1\/?p=80377"},"modified":"2019-01-08T12:17:41","modified_gmt":"2019-01-08T15:17:41","slug":"professora-arrasta-aluno-com-autismo-pela-escola-e-e-demitida","status":"publish","type":"post","link":"https:\/\/www.caririemacao.com\/1\/2019\/01\/08\/professora-arrasta-aluno-com-autismo-pela-escola-e-e-demitida\/","title":{"rendered":"Professora arrasta aluno com autismo pela escola e \u00e9 demitida"},"content":{"rendered":"<p>Uma professora do estado de Kentucky, nos Estados Unidos, foi demitida ap\u00f3s um v\u00eddeo com ela agredindo um aluno de 9 anos com autismo ser divulgado nas redes sociais pela m\u00e3e do menino. As informa\u00e7\u00f5es s\u00e3o da CNN.<\/p>\n<p>De acordo com a emissora americana, a escola anunciou a demiss\u00e3o da professora, que n\u00e3o teve seu nome divulgado, na \u00faltima segunda-feira (7). O incidente, no entanto, acabou em outubro do ano passado. Nas imagens, \u00e9 poss\u00edvel ver a mulher arrastando o menino puxando o menino pelos bra\u00e7os e o arrastando pelos corredores da escola.<\/p>\n<p>A den\u00fancia foi feita por Angel Nelson, m\u00e3e do menino, que colocou o v\u00eddeo das c\u00e2meras de seguran\u00e7a da escola nas redes sociais. Ela diz que tudo aconteceu ap\u00f3s o filho ter um surto dentro da sala de aula. \u201cEla [a professora] o fez se sentir diferente. Professores deveriam impedir o bullying e n\u00e3o praticar\u201d, disse Nelson para a CNN.<\/p>\n<p>&nbsp;<\/p>\n<p>Terra<\/p>\n","protected":false},"excerpt":{"rendered":"<p>Uma professora do estado de Kentucky, nos Estados Unidos, foi demitida ap\u00f3s um v\u00eddeo com ela agredindo um aluno de 9 anos com autismo ser&hellip; <\/p>\n","protected":false},"author":1,"featured_media":80378,"comment_status":"closed","ping_status":"closed","sticky":false,"template":"","format":"standard","meta":{"sfsi_plus_gutenberg_text_before_share":"","sfsi_plus_gutenberg_show_text_before_share":"","sfsi_plus_gutenberg_icon_type":"","sfsi_plus_gutenberg_icon_alignemt":"","sfsi_plus_gutenburg_max_per_row":"","footnotes":""},"categories":[12],"tags":[],"class_list":["post-80377","post","type-post","status-publish","format-standard","has-post-thumbnail","hentry","category-policia"],"_links":{"self":[{"href":"https:\/\/www.caririemacao.com\/1\/wp-json\/wp\/v2\/posts\/80377","targetHints":{"allow":["GET"]}}],"collection":[{"href":"https:\/\/www.caririemacao.com\/1\/wp-json\/wp\/v2\/posts"}],"about":[{"href":"https:\/\/www.caririemacao.com\/1\/wp-json\/wp\/v2\/types\/post"}],"author":[{"embeddable":true,"href":"https:\/\/www.caririemacao.com\/1\/wp-json\/wp\/v2\/users\/1"}],"replies":[{"embeddable":true,"href":"https:\/\/www.caririemacao.com\/1\/wp-json\/wp\/v2\/comments?post=80377"}],"version-history":[{"count":1,"href":"https:\/\/www.caririemacao.com\/1\/wp-json\/wp\/v2\/posts\/80377\/revisions"}],"predecessor-version":[{"id":80379,"href":"https:\/\/www.caririemacao.com\/1\/wp-json\/wp\/v2\/posts\/80377\/revisions\/80379"}],"wp:featuredmedia":[{"embeddable":true,"href":"https:\/\/www.caririemacao.com\/1\/wp-json\/wp\/v2\/media\/80378"}],"wp:attachment":[{"href":"https:\/\/www.caririemacao.com\/1\/wp-json\/wp\/v2\/media?parent=80377"}],"wp:term":[{"taxonomy":"category","embeddable":true,"href":"https:\/\/www.caririemacao.com\/1\/wp-json\/wp\/v2\/categories?post=80377"},{"taxonomy":"post_tag","embeddable":true,"href":"https:\/\/www.caririemacao.com\/1\/wp-json\/wp\/v2\/tags?post=80377"}],"curies":[{"name":"wp","href":"https:\/\/api.w.org\/{rel}","templated":true}]}}