{"id":80520,"date":"2019-01-09T07:56:27","date_gmt":"2019-01-09T10:56:27","guid":{"rendered":"http:\/\/www.caririemacao.com\/1\/?p=80520"},"modified":"2019-01-09T07:56:27","modified_gmt":"2019-01-09T10:56:27","slug":"vortice-ciclonico-e-zona-de-convergencia-intertropical-favorecem-chuvas-no-cariri-e-sertao","status":"publish","type":"post","link":"https:\/\/www.caririemacao.com\/1\/2019\/01\/09\/vortice-ciclonico-e-zona-de-convergencia-intertropical-favorecem-chuvas-no-cariri-e-sertao\/","title":{"rendered":"V\u00f3rtice Cicl\u00f4nico e Zona de Converg\u00eancia Intertropical favorecem chuvas no Cariri e Sert\u00e3o"},"content":{"rendered":"<p><img fetchpriority=\"high\" decoding=\"async\" class=\"size-medium wp-image-11761 alignleft\" src=\"http:\/\/www.vitrinedocariri.com.br\/wp-content\/uploads\/2018\/04\/chuvas-300x225.jpg\" alt=\"\" width=\"300\" height=\"225\" \/>A associa\u00e7\u00e3o V\u00f3rtice Cicl\u00f4nico de Altos N\u00edveis e Zona de Converg\u00eancia Intertropical dever\u00e1 favorecer mais chuvas isoladas no interior do Estado nos pr\u00f3ximos dias, mais precisamente entre essa ter\u00e7a-feira (08) e sexta-feira (11) de janeiro quando chuvas isoladas dever\u00e3o ocorrer em v\u00e1rias \u00e1reas do Cariri, Sert\u00e3o e Alto-sert\u00e3o da Para\u00edba, incluindo as regi\u00f5es de\u00a0Patos,\u00a0Pombal,\u00a0Sousa\u00a0e\u00a0Cajazeiras, prev\u00ea o estudioso Rodrigo C\u00e9zar Limeira.<img decoding=\"async\" src=\"https:\/\/adserver.diariodosertao.com.br\/www\/delivery\/lg.php?bannerid=344&amp;campaignid=54&amp;zoneid=126&amp;loc=https%3A%2F%2Fwww.diariodosertao.com.br%2Fnoticias%2Fsertao%2F339727%2Fmais-chuvas-isoladas-estao-previstas-para-cair-nos-proximos-dias-no-sertao-da-paraiba.html&amp;referer=https%3A%2F%2Fwww.google.com%2F&amp;cb=1fd1094c5f\" alt=\"\" width=\"0\" height=\"0\" \/><\/p>\n<p>Al\u00e9m de diversas outras informa\u00e7\u00f5es repassadas no \u00faltimo ano, o estudioso tamb\u00e9m previu de forma certeira um 2018 com chuvas ainda irregulares no semi\u00e1rido da Para\u00edba, possibilitando boas colheitas em v\u00e1rias localidades, mas perdas em outras, fato tamb\u00e9m confirmado.<\/p>\n<p>&nbsp;<\/p>\n<p>Di\u00e1rio do Sert\u00e3o<\/p>\n","protected":false},"excerpt":{"rendered":"<p>A associa\u00e7\u00e3o V\u00f3rtice Cicl\u00f4nico de Altos N\u00edveis e Zona de Converg\u00eancia Intertropical dever\u00e1 favorecer mais chuvas isoladas no interior do Estado nos pr\u00f3ximos dias, mais&hellip; <\/p>\n","protected":false},"author":1,"featured_media":9645,"comment_status":"closed","ping_status":"closed","sticky":false,"template":"","format":"standard","meta":{"sfsi_plus_gutenberg_text_before_share":"","sfsi_plus_gutenberg_show_text_before_share":"","sfsi_plus_gutenberg_icon_type":"","sfsi_plus_gutenberg_icon_alignemt":"","sfsi_plus_gutenburg_max_per_row":"","footnotes":""},"categories":[50,2],"tags":[],"class_list":["post-80520","post","type-post","status-publish","format-standard","has-post-thumbnail","hentry","category-destaque","category-geral"],"_links":{"self":[{"href":"https:\/\/www.caririemacao.com\/1\/wp-json\/wp\/v2\/posts\/80520","targetHints":{"allow":["GET"]}}],"collection":[{"href":"https:\/\/www.caririemacao.com\/1\/wp-json\/wp\/v2\/posts"}],"about":[{"href":"https:\/\/www.caririemacao.com\/1\/wp-json\/wp\/v2\/types\/post"}],"author":[{"embeddable":true,"href":"https:\/\/www.caririemacao.com\/1\/wp-json\/wp\/v2\/users\/1"}],"replies":[{"embeddable":true,"href":"https:\/\/www.caririemacao.com\/1\/wp-json\/wp\/v2\/comments?post=80520"}],"version-history":[{"count":1,"href":"https:\/\/www.caririemacao.com\/1\/wp-json\/wp\/v2\/posts\/80520\/revisions"}],"predecessor-version":[{"id":80521,"href":"https:\/\/www.caririemacao.com\/1\/wp-json\/wp\/v2\/posts\/80520\/revisions\/80521"}],"wp:featuredmedia":[{"embeddable":true,"href":"https:\/\/www.caririemacao.com\/1\/wp-json\/wp\/v2\/media\/9645"}],"wp:attachment":[{"href":"https:\/\/www.caririemacao.com\/1\/wp-json\/wp\/v2\/media?parent=80520"}],"wp:term":[{"taxonomy":"category","embeddable":true,"href":"https:\/\/www.caririemacao.com\/1\/wp-json\/wp\/v2\/categories?post=80520"},{"taxonomy":"post_tag","embeddable":true,"href":"https:\/\/www.caririemacao.com\/1\/wp-json\/wp\/v2\/tags?post=80520"}],"curies":[{"name":"wp","href":"https:\/\/api.w.org\/{rel}","templated":true}]}}