{"id":80527,"date":"2019-01-09T08:20:08","date_gmt":"2019-01-09T11:20:08","guid":{"rendered":"http:\/\/www.caririemacao.com\/1\/?p=80527"},"modified":"2019-01-09T08:20:08","modified_gmt":"2019-01-09T11:20:08","slug":"rede-globo-anuncia-o-fim-do-video-show-apos-35-anos-no-ar","status":"publish","type":"post","link":"https:\/\/www.caririemacao.com\/1\/2019\/01\/09\/rede-globo-anuncia-o-fim-do-video-show-apos-35-anos-no-ar\/","title":{"rendered":"Rede Globo anuncia o fim do V\u00eddeo Show ap\u00f3s 35 anos no ar"},"content":{"rendered":"<p>A Globo anunciou nesta ter\u00e7a-feira (08), o fim do V\u00eddeo Show. Em comunicado enviado \u00e0 imprensa, a emissora comunicou as mudan\u00e7as na programa\u00e7\u00e3o e o t\u00e9rmino da atra\u00e7\u00e3o.<\/p>\n<p>A partir da pr\u00f3xima segunda-feira, dia 14, a \u2018Sess\u00e3o da Tarde\u2019 passa a ir ao ar mais cedo, \u00e0s 14h, com o fim do \u2018V\u00eddeo Show\u2019. O programa que mostrou os bastidores das produ\u00e7\u00f5es da Globo durante mais de 35 anos se despede do p\u00fablico nesta sexta-feira, dia 11. De 14 a 18 de janeiro, depois da \u2018Sess\u00e3o da Tarde\u2019, o \u2018Vale A Pena Ver de Novo\u2019 exibe as emo\u00e7\u00f5es finais de \u2018Bel\u00edssima\u2019 em dobradinha com os primeiros cap\u00edtulos de \u2018Cordel Encantado\u2019.<\/p>\n<p>A novela que vai ocupar a faixa \u00e9 protagonizada por Bianca Bin (A\u00e7ucena) e Cau\u00e3 Reymond (Jesu\u00edno), numa esp\u00e9cie de conto de fadas que mistura os universos do canga\u00e7o e da realeza.<\/p>\n<p>&nbsp;<\/p>\n","protected":false},"excerpt":{"rendered":"<p>A Globo anunciou nesta ter\u00e7a-feira (08), o fim do V\u00eddeo Show. Em comunicado enviado \u00e0 imprensa, a emissora comunicou as mudan\u00e7as na programa\u00e7\u00e3o e o&hellip; <\/p>\n","protected":false},"author":1,"featured_media":80528,"comment_status":"closed","ping_status":"closed","sticky":false,"template":"","format":"standard","meta":{"sfsi_plus_gutenberg_text_before_share":"","sfsi_plus_gutenberg_show_text_before_share":"","sfsi_plus_gutenberg_icon_type":"","sfsi_plus_gutenberg_icon_alignemt":"","sfsi_plus_gutenburg_max_per_row":"","footnotes":""},"categories":[2],"tags":[],"class_list":["post-80527","post","type-post","status-publish","format-standard","has-post-thumbnail","hentry","category-geral"],"_links":{"self":[{"href":"https:\/\/www.caririemacao.com\/1\/wp-json\/wp\/v2\/posts\/80527","targetHints":{"allow":["GET"]}}],"collection":[{"href":"https:\/\/www.caririemacao.com\/1\/wp-json\/wp\/v2\/posts"}],"about":[{"href":"https:\/\/www.caririemacao.com\/1\/wp-json\/wp\/v2\/types\/post"}],"author":[{"embeddable":true,"href":"https:\/\/www.caririemacao.com\/1\/wp-json\/wp\/v2\/users\/1"}],"replies":[{"embeddable":true,"href":"https:\/\/www.caririemacao.com\/1\/wp-json\/wp\/v2\/comments?post=80527"}],"version-history":[{"count":1,"href":"https:\/\/www.caririemacao.com\/1\/wp-json\/wp\/v2\/posts\/80527\/revisions"}],"predecessor-version":[{"id":80529,"href":"https:\/\/www.caririemacao.com\/1\/wp-json\/wp\/v2\/posts\/80527\/revisions\/80529"}],"wp:featuredmedia":[{"embeddable":true,"href":"https:\/\/www.caririemacao.com\/1\/wp-json\/wp\/v2\/media\/80528"}],"wp:attachment":[{"href":"https:\/\/www.caririemacao.com\/1\/wp-json\/wp\/v2\/media?parent=80527"}],"wp:term":[{"taxonomy":"category","embeddable":true,"href":"https:\/\/www.caririemacao.com\/1\/wp-json\/wp\/v2\/categories?post=80527"},{"taxonomy":"post_tag","embeddable":true,"href":"https:\/\/www.caririemacao.com\/1\/wp-json\/wp\/v2\/tags?post=80527"}],"curies":[{"name":"wp","href":"https:\/\/api.w.org\/{rel}","templated":true}]}}