{"id":80530,"date":"2019-01-09T08:24:14","date_gmt":"2019-01-09T11:24:14","guid":{"rendered":"http:\/\/www.caririemacao.com\/1\/?p=80530"},"modified":"2019-01-09T08:24:14","modified_gmt":"2019-01-09T11:24:14","slug":"reforma-da-previdencia-proposta-do-governo-incluira-capitalizacao-diz-paulo-guedes","status":"publish","type":"post","link":"https:\/\/www.caririemacao.com\/1\/2019\/01\/09\/reforma-da-previdencia-proposta-do-governo-incluira-capitalizacao-diz-paulo-guedes\/","title":{"rendered":"Reforma da Previd\u00eancia: proposta do governo incluir\u00e1 capitaliza\u00e7\u00e3o, diz Paulo Guedes"},"content":{"rendered":"<div class=\"noticiacorpo\">\n<div class=\"mc-column content-text active-extra-styles active-capital-letter\" data-block-type=\"unstyled\" data-block-weight=\"35\" data-block-id=\"2\">\n<p class=\"content-text__container theme-color-primary-first-letter\" data-track-category=\"Link no Texto\">O ministro da Economia,\u00a0Paulo Guedes, informou nesta ter\u00e7a-feira (8) que o governo incluir\u00e1 na proposta de reforma da Previd\u00eancia Social, a ser enviada ao Congresso em fevereiro, a previs\u00e3o de um regime de capitaliza\u00e7\u00e3o.<\/p>\n<\/div>\n<div class=\"wall protected-content\">\n<div class=\"mc-column content-text active-extra-styles \" data-block-type=\"unstyled\" data-block-weight=\"18\" data-block-id=\"3\">\n<p class=\"content-text__container \" data-track-category=\"Link no Texto\">A capitaliza\u00e7\u00e3o \u00e9 uma esp\u00e9cie de poupan\u00e7a que o pr\u00f3prio trabalhador faz para assegurar a aposentadoria no futuro.<\/p>\n<\/div>\n<div class=\"mc-column content-text active-extra-styles \" data-block-type=\"unstyled\" data-block-weight=\"19\" data-block-id=\"4\">\n<p class=\"content-text__container \" data-track-category=\"Link no Texto\">O regime atual \u00e9 o de reparti\u00e7\u00e3o, pelo qual o trabalhador ativo paga os benef\u00edcios de quem est\u00e1 aposentado.<\/p>\n<\/div>\n<div class=\"mc-column content-text active-extra-styles \" data-block-type=\"unstyled\" data-block-weight=\"34\" data-block-id=\"5\">\n<p class=\"content-text__container \" data-track-category=\"Link no Texto\">&#8220;Eu acho que um sistema de capitaliza\u00e7\u00e3o, como estamos desenhando, \u00e9 algo bastante mais robusto, \u00e9 mais dif\u00edcil, o custo de transi\u00e7\u00e3o \u00e9 alto. Mas estamos trabalhando para as futuras gera\u00e7\u00f5es&#8221;, afirmou o ministro.<\/p>\n<\/div>\n<div class=\"mc-column content-text active-extra-styles \" data-block-type=\"unstyled\" data-block-weight=\"20\" data-block-id=\"6\">\n<p class=\"content-text__container \" data-track-category=\"Link no Texto\">Paulo Guedes deu a declara\u00e7\u00e3o ap\u00f3s se reunir com o ministro da Casa Civil,\u00a0Onyx Lorenzoni, para discutir a proposta.<\/p>\n<\/div>\n<div class=\"mc-column content-text active-extra-styles \" data-block-type=\"unstyled\" data-block-weight=\"33\" data-block-id=\"7\">\n<p class=\"content-text__container \" data-track-category=\"Link no Texto\">Na avalia\u00e7\u00e3o do ministro da Economia, a reforma formulada pelo governo Jair Bolsonaro \u00e9 &#8220;profunda&#8221; e servir\u00e1 para &#8220;democratizar&#8221; o sistema previdenci\u00e1rio, &#8220;acelerar&#8221; o ritmo de crescimento e &#8220;estimular&#8221; o aumento de produtividade.<\/p>\n<\/div>\n<div class=\"mc-column content-text active-extra-styles \" data-block-type=\"unstyled\" data-block-weight=\"31\" data-block-id=\"8\">\n<p class=\"content-text__container \" data-track-category=\"Link no Texto\">De acordo com Paulo Guedes, o atual sistema est\u00e1 &#8220;condenado&#8221; \u2013 a previs\u00e3o do governo \u00e9 que as contas da Previd\u00eancia registrem\u00a0saldo negativo superior a R$ 300 bilh\u00f5es\u00a0neste ano.<\/p>\n<\/div>\n<div class=\"mc-column content-text active-extra-styles \" data-block-type=\"unstyled\" data-block-weight=\"44\" data-block-id=\"9\">\n<p class=\"content-text__container \" data-track-category=\"Link no Texto\">&#8220;Ent\u00e3o, n\u00f3s estamos tentando justamente salvar as futuras gera\u00e7\u00f5es. &#8216;Salvar&#8217; \u00e9 um movimento duplo. Primeiro, voc\u00ea tem que salvar essa Previd\u00eancia que est\u00e1 a\u00ed, mas, ao mesmo tempo, para as futuras gera\u00e7\u00f5es, voc\u00ea quer criar um novo regime trabalhista e previdenci\u00e1rio&#8221;, disse o ministro.<\/p>\n<div class=\"mc-column content-text active-extra-styles\" data-block-type=\"raw\" data-block-weight=\"4\" data-block-id=\"12\">\n<div class=\"content-intertitle\">\n<h2>MP para coibir fraudes<\/h2>\n<\/div>\n<\/div>\n<div class=\"mc-column content-text active-extra-styles \" data-block-type=\"unstyled\" data-block-weight=\"32\" data-block-id=\"13\">\n<p class=\"content-text__container \" data-track-category=\"Link no Texto\">De acordo com o ministro da Casa Civil, Onyx Lorenzoni, ser\u00e1 levada nesta quarta-feira (9) ao presidente\u00a0Jair Bolsonaro\u00a0o texto de uma medida provis\u00f3ria (MP) cujo objetivo ser\u00e1\u00a0coibir fraudes previdenci\u00e1rias.<\/p>\n<\/div>\n<div class=\"mc-column content-text active-extra-styles \" data-block-type=\"unstyled\" data-block-weight=\"25\" data-block-id=\"14\">\n<p class=\"content-text__container \" data-track-category=\"Link no Texto\">De acordo com Paulo Guedes, o texto &#8220;contra fraudes e privil\u00e9gios&#8221; vai gerar uma economia de R$ 17 bilh\u00f5es a R$ 20 bilh\u00f5es por ano.<\/p>\n<\/div>\n<p>Assim que for publicada, a MP ter\u00e1 for\u00e7a de lei, mas precisar\u00e1 ser aprovada pelo Congresso Nacional em at\u00e9 120 dias para se tornar uma lei em definitivo.<\/p>\n<\/div>\n<\/div>\n<\/div>\n<p>&nbsp;<\/p>\n<p class=\"noticia_fonte\">G1<\/p>\n<p>&nbsp;<\/p>\n","protected":false},"excerpt":{"rendered":"<p>O ministro da Economia,\u00a0Paulo Guedes, informou nesta ter\u00e7a-feira (8) que o governo incluir\u00e1 na proposta de reforma da Previd\u00eancia Social, a ser enviada ao Congresso&hellip; <\/p>\n","protected":false},"author":1,"featured_media":80531,"comment_status":"closed","ping_status":"closed","sticky":false,"template":"","format":"standard","meta":{"sfsi_plus_gutenberg_text_before_share":"","sfsi_plus_gutenberg_show_text_before_share":"","sfsi_plus_gutenberg_icon_type":"","sfsi_plus_gutenberg_icon_alignemt":"","sfsi_plus_gutenburg_max_per_row":"","footnotes":""},"categories":[11],"tags":[],"class_list":["post-80530","post","type-post","status-publish","format-standard","has-post-thumbnail","hentry","category-politica"],"_links":{"self":[{"href":"https:\/\/www.caririemacao.com\/1\/wp-json\/wp\/v2\/posts\/80530","targetHints":{"allow":["GET"]}}],"collection":[{"href":"https:\/\/www.caririemacao.com\/1\/wp-json\/wp\/v2\/posts"}],"about":[{"href":"https:\/\/www.caririemacao.com\/1\/wp-json\/wp\/v2\/types\/post"}],"author":[{"embeddable":true,"href":"https:\/\/www.caririemacao.com\/1\/wp-json\/wp\/v2\/users\/1"}],"replies":[{"embeddable":true,"href":"https:\/\/www.caririemacao.com\/1\/wp-json\/wp\/v2\/comments?post=80530"}],"version-history":[{"count":1,"href":"https:\/\/www.caririemacao.com\/1\/wp-json\/wp\/v2\/posts\/80530\/revisions"}],"predecessor-version":[{"id":80532,"href":"https:\/\/www.caririemacao.com\/1\/wp-json\/wp\/v2\/posts\/80530\/revisions\/80532"}],"wp:featuredmedia":[{"embeddable":true,"href":"https:\/\/www.caririemacao.com\/1\/wp-json\/wp\/v2\/media\/80531"}],"wp:attachment":[{"href":"https:\/\/www.caririemacao.com\/1\/wp-json\/wp\/v2\/media?parent=80530"}],"wp:term":[{"taxonomy":"category","embeddable":true,"href":"https:\/\/www.caririemacao.com\/1\/wp-json\/wp\/v2\/categories?post=80530"},{"taxonomy":"post_tag","embeddable":true,"href":"https:\/\/www.caririemacao.com\/1\/wp-json\/wp\/v2\/tags?post=80530"}],"curies":[{"name":"wp","href":"https:\/\/api.w.org\/{rel}","templated":true}]}}