{"id":80536,"date":"2019-01-09T08:28:30","date_gmt":"2019-01-09T11:28:30","guid":{"rendered":"http:\/\/www.caririemacao.com\/1\/?p=80536"},"modified":"2019-01-09T08:28:30","modified_gmt":"2019-01-09T11:28:30","slug":"colegio-da-policia-militar-realiza-matriculas-de-novos-alunos-ate-sexta-feira","status":"publish","type":"post","link":"https:\/\/www.caririemacao.com\/1\/2019\/01\/09\/colegio-da-policia-militar-realiza-matriculas-de-novos-alunos-ate-sexta-feira\/","title":{"rendered":"Col\u00e9gio da Pol\u00edcia Militar realiza matr\u00edculas de novos alunos at\u00e9 sexta-feira"},"content":{"rendered":"<div class=\"noticiacorpo\">\n<p class=\" \">O Di\u00e1rio Oficial do Estado (DOE), edi\u00e7\u00e3o do dia 5 de janeiro, publicou a lista com os nomes dos candidatos contemplados com uma das vagas para o Col\u00e9gio da Pol\u00edcia Militar \u201cEstudante Rebeca Cristina Alves Sim\u00f5es\u201d. Conforme previsto em edital, os contemplados t\u00eam at\u00e9 a pr\u00f3xima sexta-feira (11) para realizarem a matr\u00edcula.<\/p>\n<p class=\" \">Para este ano letivo foram oferecidas 150 vagas em diversas s\u00e9ries do ensino fundamental e m\u00e9dio, atendendo o p\u00fablico em geral, filhos de policiais militares, e pessoas com defici\u00eancia. \u201cPara efetiva\u00e7\u00e3o da matr\u00edcula dos contemplados, os pais ou respons\u00e1veis pelos futuros estudantes do CPM dever\u00e3o se dirigir \u00e0 secretaria do Col\u00e9gio pela manh\u00e3 ou tarde, levando todos os documentos exigidos no edital, que foi lan\u00e7ado no m\u00eas de novembro do ano passado\u201d, explicou o capit\u00e3o Leonardo Neves, diretor do Col\u00e9gio. Os contemplados foram selecionados por meio de sorteio p\u00fablico, que aconteceu no dia 20 de dezembro.<u><\/u><u><\/u><\/p>\n<p class=\" \">Perder\u00e1 o direito \u00e0 matr\u00edcula o candidato contemplado que n\u00e3o atender as regras do edital ou os prazos previstos na sele\u00e7\u00e3o. \u201cAs vagas que n\u00e3o forem preenchidas ser\u00e3o automaticamente destinadas aos suplentes, que tamb\u00e9m foram sorteados, e est\u00e3o com os nomes publicados no Di\u00e1rio Oficial\u201d, finalizou o diretor.<u><\/u><u><\/u><\/p>\n<p class=\" \"><strong>Informa\u00e7\u00f5es &#8211;<\/strong>\u00a0O Col\u00e9gio da Pol\u00edcia Militar foi fundado em 1994, est\u00e1 localizado no Centro de Educa\u00e7\u00e3o da PM, no bairro de Mangabeira VII, em Jo\u00e3o Pessoa. O telefone para contato e mais informa\u00e7\u00f5es \u00e9: 3213-9207.<\/p>\n<\/div>\n<p class=\"noticia_fonte\">Secom-PB<\/p>\n","protected":false},"excerpt":{"rendered":"<p>O Di\u00e1rio Oficial do Estado (DOE), edi\u00e7\u00e3o do dia 5 de janeiro, publicou a lista com os nomes dos candidatos contemplados com uma das vagas&hellip; <\/p>\n","protected":false},"author":1,"featured_media":80537,"comment_status":"closed","ping_status":"closed","sticky":false,"template":"","format":"standard","meta":{"sfsi_plus_gutenberg_text_before_share":"","sfsi_plus_gutenberg_show_text_before_share":"","sfsi_plus_gutenberg_icon_type":"","sfsi_plus_gutenberg_icon_alignemt":"","sfsi_plus_gutenburg_max_per_row":"","footnotes":""},"categories":[14],"tags":[],"class_list":["post-80536","post","type-post","status-publish","format-standard","has-post-thumbnail","hentry","category-educacao"],"_links":{"self":[{"href":"https:\/\/www.caririemacao.com\/1\/wp-json\/wp\/v2\/posts\/80536","targetHints":{"allow":["GET"]}}],"collection":[{"href":"https:\/\/www.caririemacao.com\/1\/wp-json\/wp\/v2\/posts"}],"about":[{"href":"https:\/\/www.caririemacao.com\/1\/wp-json\/wp\/v2\/types\/post"}],"author":[{"embeddable":true,"href":"https:\/\/www.caririemacao.com\/1\/wp-json\/wp\/v2\/users\/1"}],"replies":[{"embeddable":true,"href":"https:\/\/www.caririemacao.com\/1\/wp-json\/wp\/v2\/comments?post=80536"}],"version-history":[{"count":1,"href":"https:\/\/www.caririemacao.com\/1\/wp-json\/wp\/v2\/posts\/80536\/revisions"}],"predecessor-version":[{"id":80538,"href":"https:\/\/www.caririemacao.com\/1\/wp-json\/wp\/v2\/posts\/80536\/revisions\/80538"}],"wp:featuredmedia":[{"embeddable":true,"href":"https:\/\/www.caririemacao.com\/1\/wp-json\/wp\/v2\/media\/80537"}],"wp:attachment":[{"href":"https:\/\/www.caririemacao.com\/1\/wp-json\/wp\/v2\/media?parent=80536"}],"wp:term":[{"taxonomy":"category","embeddable":true,"href":"https:\/\/www.caririemacao.com\/1\/wp-json\/wp\/v2\/categories?post=80536"},{"taxonomy":"post_tag","embeddable":true,"href":"https:\/\/www.caririemacao.com\/1\/wp-json\/wp\/v2\/tags?post=80536"}],"curies":[{"name":"wp","href":"https:\/\/api.w.org\/{rel}","templated":true}]}}