{"id":80547,"date":"2019-01-09T08:41:35","date_gmt":"2019-01-09T11:41:35","guid":{"rendered":"http:\/\/www.caririemacao.com\/1\/?p=80547"},"modified":"2019-01-09T08:41:35","modified_gmt":"2019-01-09T11:41:35","slug":"governador-fecha-nome-de-adriano-galdino-para-primeiro-bienio-na-presidencia-da-alpb","status":"publish","type":"post","link":"https:\/\/www.caririemacao.com\/1\/2019\/01\/09\/governador-fecha-nome-de-adriano-galdino-para-primeiro-bienio-na-presidencia-da-alpb\/","title":{"rendered":"Governador fecha nome de Adriano Galdino para primeiro bi\u00eanio na Presid\u00eancia da ALPB"},"content":{"rendered":"<p>Fontes ligadas \u00e0 \u00e1rea pol\u00edtica do Governo do Estado informaram ao Portal WSCOM, nesta ter\u00e7a-feira (08), que o governador Jo\u00e3o Azev\u00eado (PSB) fechou quest\u00e3o com o deputado estadual Adriano Galdino (PSB) para o primeiro bi\u00eanio (2019\/2020) da elei\u00e7\u00e3o na Assembleia Legislativa da Para\u00edba (ALPB).<\/p>\n<p>Conforme informaram, o governador ainda est\u00e1 estudando nomes da base aliada para o segundo bi\u00eanio (2021\/2022), pois defende o revezamento.<\/p>\n<p>Nos \u00faltimos dias, Jo\u00e3o Azevedo tem recebido todos os deputados estaduais tratando da quest\u00e3o mas ainda n\u00e3o anunciou o nome da segunda fase.<\/p>\n","protected":false},"excerpt":{"rendered":"<p>Fontes ligadas \u00e0 \u00e1rea pol\u00edtica do Governo do Estado informaram ao Portal WSCOM, nesta ter\u00e7a-feira (08), que o governador Jo\u00e3o Azev\u00eado (PSB) fechou quest\u00e3o com&hellip; <\/p>\n","protected":false},"author":1,"featured_media":80556,"comment_status":"closed","ping_status":"closed","sticky":false,"template":"","format":"standard","meta":{"sfsi_plus_gutenberg_text_before_share":"","sfsi_plus_gutenberg_show_text_before_share":"","sfsi_plus_gutenberg_icon_type":"","sfsi_plus_gutenberg_icon_alignemt":"","sfsi_plus_gutenburg_max_per_row":"","footnotes":""},"categories":[11],"tags":[],"class_list":["post-80547","post","type-post","status-publish","format-standard","has-post-thumbnail","hentry","category-politica"],"_links":{"self":[{"href":"https:\/\/www.caririemacao.com\/1\/wp-json\/wp\/v2\/posts\/80547","targetHints":{"allow":["GET"]}}],"collection":[{"href":"https:\/\/www.caririemacao.com\/1\/wp-json\/wp\/v2\/posts"}],"about":[{"href":"https:\/\/www.caririemacao.com\/1\/wp-json\/wp\/v2\/types\/post"}],"author":[{"embeddable":true,"href":"https:\/\/www.caririemacao.com\/1\/wp-json\/wp\/v2\/users\/1"}],"replies":[{"embeddable":true,"href":"https:\/\/www.caririemacao.com\/1\/wp-json\/wp\/v2\/comments?post=80547"}],"version-history":[{"count":1,"href":"https:\/\/www.caririemacao.com\/1\/wp-json\/wp\/v2\/posts\/80547\/revisions"}],"predecessor-version":[{"id":80557,"href":"https:\/\/www.caririemacao.com\/1\/wp-json\/wp\/v2\/posts\/80547\/revisions\/80557"}],"wp:featuredmedia":[{"embeddable":true,"href":"https:\/\/www.caririemacao.com\/1\/wp-json\/wp\/v2\/media\/80556"}],"wp:attachment":[{"href":"https:\/\/www.caririemacao.com\/1\/wp-json\/wp\/v2\/media?parent=80547"}],"wp:term":[{"taxonomy":"category","embeddable":true,"href":"https:\/\/www.caririemacao.com\/1\/wp-json\/wp\/v2\/categories?post=80547"},{"taxonomy":"post_tag","embeddable":true,"href":"https:\/\/www.caririemacao.com\/1\/wp-json\/wp\/v2\/tags?post=80547"}],"curies":[{"name":"wp","href":"https:\/\/api.w.org\/{rel}","templated":true}]}}