{"id":80558,"date":"2019-01-09T08:44:10","date_gmt":"2019-01-09T11:44:10","guid":{"rendered":"http:\/\/www.caririemacao.com\/1\/?p=80558"},"modified":"2019-01-09T08:44:10","modified_gmt":"2019-01-09T11:44:10","slug":"policia-pede-prisao-preventiva-de-homem-suspeito-de-abusar-filhas-de-7-e-12-anos","status":"publish","type":"post","link":"https:\/\/www.caririemacao.com\/1\/2019\/01\/09\/policia-pede-prisao-preventiva-de-homem-suspeito-de-abusar-filhas-de-7-e-12-anos\/","title":{"rendered":"Pol\u00edcia pede pris\u00e3o preventiva de homem suspeito de abusar filhas de 7 e 12 anos"},"content":{"rendered":"<p>A Pol\u00edcia Civil apresentou \u00e0 Justi\u00e7a o pedido de pris\u00e3o preventiva contra o pai suspeito de abusar sexualmente de tr\u00eas filhas. Ele foi denunciado pela pr\u00f3pria companheira e m\u00e3e das crian\u00e7as, que t\u00eam entre 7 e 12 anos de idade. As v\u00edtimas relataram que sofrem os abusos h\u00e1, pelo menos, nove meses. O suspeito j\u00e1 \u00e9 detento do Sistema Prisional e cumpre pena em regime semiaberto por pr\u00e1tica de assalto e homic\u00eddio. Um dos abusos teria ocorrido durante uma visita, dentro do pres\u00eddio.<\/p>\n<p>O caso foi denunciado no \u00faltimo s\u00e1bado (5) ao delegado Marcone Falcone, que estava de plant\u00e3o na Delegacia Especializada de Atendimento \u00e0 Mulher (Deam). As tr\u00eas crian\u00e7as foram encaminhadas para exames sexol\u00f3gicos e atendimento m\u00e9dico.<\/p>\n<p>Apesar do suspeito j\u00e1 ser detento, Falcone pediu \u00e0 Justi\u00e7a a decreta\u00e7\u00e3o da pris\u00e3o preventiva do denunciado, como forma de resguardar a seguran\u00e7a das v\u00edtimas. O objetivo do pedido \u00e9 que o suspeito fique recolhido por tempo indeterminado ao pres\u00eddio e n\u00e3o tenha direito a sair \u00e0s ruas e s\u00f3 retornar \u00e0 penitenci\u00e1ria \u00e0 noite, como ocorre no regime semiaberto.<\/p>\n<p>\u00c0 pol\u00edcia, a m\u00e3e das crian\u00e7as relatou que j\u00e1 convive maritalmente com o suspeito h\u00e1 cerca de 12 anos e teve com ele cinco filhos, sendo dois meninos e tr\u00eas meninas. As crian\u00e7as t\u00eam idades entre cinco e 12 anos. A m\u00e3e, que n\u00e3o ter\u00e1 seu nome revelado para resguardar a seguran\u00e7a das menores, informou que apenas soube dos abusos na sexta-feira (4) e procurou a delegacia imediatamente.<\/p>\n<p>\u201cAssim que tomamos conhecimento, representamos pelas medidas protetivas em favor das v\u00edtimas e pris\u00e3o preventiva do agressor. A m\u00e3e estava muito indignada pelo ocorrido e temerosa, por seu companheiro ser bastante perigoso. Ouvimos as crian\u00e7as, na presen\u00e7a da m\u00e3e, que relataram que foram abusadas v\u00e1rias vezes e que uma vez ocorreu at\u00e9 dentro do pres\u00eddio\u201d, afirmou o delegado.<\/p>\n<p>Apesar de ter 13 anos de carreira policial, Marcelo Falcone disse ter ficado indignado com o caso. \u201cEstou convencido da pr\u00e1tica do crime. O relato das v\u00edtimas n\u00e3o deixou d\u00favidas. O que me chamou aten\u00e7\u00e3o foi o fato dos abusos terem sido praticados pelo pr\u00f3prio pai e at\u00e9 dentro de um pres\u00eddio\u201d, acrescentou.<\/p>\n","protected":false},"excerpt":{"rendered":"<p>A Pol\u00edcia Civil apresentou \u00e0 Justi\u00e7a o pedido de pris\u00e3o preventiva contra o pai suspeito de abusar sexualmente de tr\u00eas filhas. Ele foi denunciado pela&hellip; <\/p>\n","protected":false},"author":1,"featured_media":80559,"comment_status":"closed","ping_status":"closed","sticky":false,"template":"","format":"standard","meta":{"sfsi_plus_gutenberg_text_before_share":"","sfsi_plus_gutenberg_show_text_before_share":"","sfsi_plus_gutenberg_icon_type":"","sfsi_plus_gutenberg_icon_alignemt":"","sfsi_plus_gutenburg_max_per_row":"","footnotes":""},"categories":[12],"tags":[],"class_list":["post-80558","post","type-post","status-publish","format-standard","has-post-thumbnail","hentry","category-policia"],"_links":{"self":[{"href":"https:\/\/www.caririemacao.com\/1\/wp-json\/wp\/v2\/posts\/80558","targetHints":{"allow":["GET"]}}],"collection":[{"href":"https:\/\/www.caririemacao.com\/1\/wp-json\/wp\/v2\/posts"}],"about":[{"href":"https:\/\/www.caririemacao.com\/1\/wp-json\/wp\/v2\/types\/post"}],"author":[{"embeddable":true,"href":"https:\/\/www.caririemacao.com\/1\/wp-json\/wp\/v2\/users\/1"}],"replies":[{"embeddable":true,"href":"https:\/\/www.caririemacao.com\/1\/wp-json\/wp\/v2\/comments?post=80558"}],"version-history":[{"count":1,"href":"https:\/\/www.caririemacao.com\/1\/wp-json\/wp\/v2\/posts\/80558\/revisions"}],"predecessor-version":[{"id":80560,"href":"https:\/\/www.caririemacao.com\/1\/wp-json\/wp\/v2\/posts\/80558\/revisions\/80560"}],"wp:featuredmedia":[{"embeddable":true,"href":"https:\/\/www.caririemacao.com\/1\/wp-json\/wp\/v2\/media\/80559"}],"wp:attachment":[{"href":"https:\/\/www.caririemacao.com\/1\/wp-json\/wp\/v2\/media?parent=80558"}],"wp:term":[{"taxonomy":"category","embeddable":true,"href":"https:\/\/www.caririemacao.com\/1\/wp-json\/wp\/v2\/categories?post=80558"},{"taxonomy":"post_tag","embeddable":true,"href":"https:\/\/www.caririemacao.com\/1\/wp-json\/wp\/v2\/tags?post=80558"}],"curies":[{"name":"wp","href":"https:\/\/api.w.org\/{rel}","templated":true}]}}