{"id":80561,"date":"2019-01-09T08:47:48","date_gmt":"2019-01-09T11:47:48","guid":{"rendered":"http:\/\/www.caririemacao.com\/1\/?p=80561"},"modified":"2019-01-09T08:47:48","modified_gmt":"2019-01-09T11:47:48","slug":"video-mostra-sergio-moro-sendo-cobrado-por-manifestante-em-supermercado","status":"publish","type":"post","link":"https:\/\/www.caririemacao.com\/1\/2019\/01\/09\/video-mostra-sergio-moro-sendo-cobrado-por-manifestante-em-supermercado\/","title":{"rendered":"V\u00eddeo mostra S\u00e9rgio Moro sendo cobrado por manifestante em supermercado"},"content":{"rendered":"<p>Um v\u00eddeo que circula nas redes sociais mostra o ministro da Justi\u00e7a, S\u00e9rgio\u00a0Moro, sendo alvo de questionamentos em um supermercado de Bras\u00edlia sobre Fabr\u00edcio Queiroz, ex-assessor do senador Fl\u00e1vio Bolsonaro\u00a0(PSL-RJ) citado em\u00a0relat\u00f3rio do Coaf\u00a0que indicou movimenta\u00e7\u00f5es at\u00edpicas na Alerj\u00a0(Assembleia Legislativa do Rio de Janeiro).<\/p>\n<p>\u201cPor que o Queiroz n\u00e3o \u00e9 pauta? A roubalheira do PT \u00e9 pauta, mas a do PSL, do Queiroz n\u00e3o \u00e9 pauta do governo? Ele [Moro] n\u00e3o pode falar sobre isso? A\u00ed voc\u00ea\u00a0quer me censurar por isso tamb\u00e9m?\u201d,\u00a0questiona o autor do v\u00eddeo, que tem uma bandeira do Brasil sobre os ombros.<\/p>\n<p>O ex-juiz aparece ao fundo do v\u00eddeo, em um dos caixas do supermercado. Mais pr\u00f3ximo da grava\u00e7\u00e3o est\u00e1\u00a0Marcos Koren, seguran\u00e7a do ministro, com quem o autor do v\u00eddeo\u00a0discute.<\/p>\n<p>Koren\u00a0diz n\u00e3o conhecer Moro e tenta acalmar o manifestante. \u201cEstou\u00a0gravando porque tenho um celular, estou em um\u00a0ambiente\u00a0p\u00fablico\u201d, rebateu o autor.<\/p>\n<p>\u201cVoc\u00ea est\u00e1 sendo desagrad\u00e1vel e mal-educado com todo mundo aqui\u201d, disse Moro.<\/p>\n<p>No v\u00eddeo\u00a0tamb\u00e9m \u00e9 poss\u00edvel ouvir uma voz feminina que pede para Moro \u201csalvar Fortaleza e o Cear\u00e1\u201d -o estado vive uma\u00a0onda de viol\u00eancia que motivou o envio da For\u00e7a Nacional de Seguran\u00e7a, determinado pelo pr\u00f3prio Moro.<\/p>\n<p>A assessoria de Moro confirma o epis\u00f3dio, mas afirma que o ex-juiz n\u00e3o se lembra ao certo quando ocorreu.<\/p>\n<p>Nesta ter\u00e7a (8), o presidente Jair Bolsonaro (PSL)\u00a0determinou que a Pol\u00edcia Federal reforce a seguran\u00e7a pessoal de Moro.<\/p>\n<p>\u201cDiante de informa\u00e7\u00f5es sobre situa\u00e7\u00f5es de risco decorrentes do exerc\u00edcio do\u00a0cargo de titular do Minist\u00e9rio da Justi\u00e7a e Seguran\u00e7a P\u00fablica, determino \u00e0 Pol\u00edcia Federal\u00a0provid\u00eancias no sentido de garantir, diretamente ou por meio de articula\u00e7\u00e3o com os \u00f3rg\u00e3os\u00a0de seguran\u00e7a p\u00fablica dos entes federativos, a seguran\u00e7a pessoal do Ministro de Estado da\u00a0Justi\u00e7a e Seguran\u00e7a P\u00fablica e de seus familiares\u201d, diz o texto, publicado no Di\u00e1rio Oficial da Uni\u00e3o.<\/p>\n<p>Moro n\u00e3o foi o \u00fanico integrante do primeiro escal\u00e3o do governo Bolsonaro\u00a0alvo de ofensas em local p\u00fablico.\u00a0No \u00faltimo dia 4, a ministra da Mulher, Fam\u00edlia e Direitos Humanos,\u00a0Damares Alves, disse por meio de nota que foi constrangida por vendedor em loja de Bras\u00edlia. Ela teria sido questionada se \u00e9\u00a0menino ou menina\u00a0por estar com uma roupa azul.<\/p>\n","protected":false},"excerpt":{"rendered":"<p>Um v\u00eddeo que circula nas redes sociais mostra o ministro da Justi\u00e7a, S\u00e9rgio\u00a0Moro, sendo alvo de questionamentos em um supermercado de Bras\u00edlia sobre Fabr\u00edcio Queiroz,&hellip; <\/p>\n","protected":false},"author":1,"featured_media":4572,"comment_status":"closed","ping_status":"closed","sticky":false,"template":"","format":"standard","meta":{"sfsi_plus_gutenberg_text_before_share":"","sfsi_plus_gutenberg_show_text_before_share":"","sfsi_plus_gutenberg_icon_type":"","sfsi_plus_gutenberg_icon_alignemt":"","sfsi_plus_gutenburg_max_per_row":"","footnotes":""},"categories":[11],"tags":[],"class_list":["post-80561","post","type-post","status-publish","format-standard","has-post-thumbnail","hentry","category-politica"],"_links":{"self":[{"href":"https:\/\/www.caririemacao.com\/1\/wp-json\/wp\/v2\/posts\/80561","targetHints":{"allow":["GET"]}}],"collection":[{"href":"https:\/\/www.caririemacao.com\/1\/wp-json\/wp\/v2\/posts"}],"about":[{"href":"https:\/\/www.caririemacao.com\/1\/wp-json\/wp\/v2\/types\/post"}],"author":[{"embeddable":true,"href":"https:\/\/www.caririemacao.com\/1\/wp-json\/wp\/v2\/users\/1"}],"replies":[{"embeddable":true,"href":"https:\/\/www.caririemacao.com\/1\/wp-json\/wp\/v2\/comments?post=80561"}],"version-history":[{"count":1,"href":"https:\/\/www.caririemacao.com\/1\/wp-json\/wp\/v2\/posts\/80561\/revisions"}],"predecessor-version":[{"id":80562,"href":"https:\/\/www.caririemacao.com\/1\/wp-json\/wp\/v2\/posts\/80561\/revisions\/80562"}],"wp:featuredmedia":[{"embeddable":true,"href":"https:\/\/www.caririemacao.com\/1\/wp-json\/wp\/v2\/media\/4572"}],"wp:attachment":[{"href":"https:\/\/www.caririemacao.com\/1\/wp-json\/wp\/v2\/media?parent=80561"}],"wp:term":[{"taxonomy":"category","embeddable":true,"href":"https:\/\/www.caririemacao.com\/1\/wp-json\/wp\/v2\/categories?post=80561"},{"taxonomy":"post_tag","embeddable":true,"href":"https:\/\/www.caririemacao.com\/1\/wp-json\/wp\/v2\/tags?post=80561"}],"curies":[{"name":"wp","href":"https:\/\/api.w.org\/{rel}","templated":true}]}}