{"id":80565,"date":"2019-01-09T08:50:09","date_gmt":"2019-01-09T11:50:09","guid":{"rendered":"http:\/\/www.caririemacao.com\/1\/?p=80565"},"modified":"2019-01-09T08:50:09","modified_gmt":"2019-01-09T11:50:09","slug":"bolsonaro-confirma-revogacao-da-adesao-do-brasil-ao-pacto-global-para-migracao","status":"publish","type":"post","link":"https:\/\/www.caririemacao.com\/1\/2019\/01\/09\/bolsonaro-confirma-revogacao-da-adesao-do-brasil-ao-pacto-global-para-migracao\/","title":{"rendered":"Bolsonaro confirma revoga\u00e7\u00e3o da ades\u00e3o do Brasil ao Pacto Global para Migra\u00e7\u00e3o"},"content":{"rendered":"<p>O presidente Jair Bolsonaro confirmou a revoga\u00e7\u00e3o da ades\u00e3o do Brasil ao Pacto Global para Migra\u00e7\u00e3o Segura, Ordenada e Regular. Na sua conta no Twitter, ele afirmou\u00a0<span id=\"OBJ_PREFIX_DWT192_com_zimbra_date\" role=\"link\"><span id=\"OBJ_PREFIX_DWT197_com_zimbra_date\" role=\"link\">hoje<\/span><\/span>\u00a0(9) que a iniciativa foi motivada para preserva\u00e7\u00e3o dos valores nacionais.<\/p>\n<p>\u201cO Brasil \u00e9 soberano para decidir se aceita ou n\u00e3o migrantes\u201d, disse o presidente. \u201cN\u00e3o ao pacto migrat\u00f3rio.\u201d<\/p>\n<div id=\"attachment_557396\" class=\"wp-caption aligncenter\"><img decoding=\"async\" class=\"wp-image-557396 size-full lazyload\" data-src=\"https:\/\/paraibaonline.com.br\/wp-content\/uploads\/2019\/01\/bolsonaro0801-alan.jpg\" data-srcset=\"https:\/\/paraibaonline.com.br\/wp-content\/uploads\/2019\/01\/bolsonaro0801-alan.jpg 1024w, https:\/\/paraibaonline.com.br\/wp-content\/uploads\/2019\/01\/bolsonaro0801-alan-567x378.jpg 567w, https:\/\/paraibaonline.com.br\/wp-content\/uploads\/2019\/01\/bolsonaro0801-alan-900x600.jpg 900w\" alt=\"\" src=\"data:image\/svg+xml;base64,PHN2ZyB3aWR0aD0iMSIgaGVpZ2h0PSIxIiB4bWxucz0iaHR0cDovL3d3dy53My5vcmcvMjAwMC9zdmciPjwvc3ZnPg==\" \/><\/p>\n<p class=\"wp-caption-text\">Foto: Alan Santos\/PR<\/p>\n<\/div>\n<p>Em seguida, Bolsonaro justificou a decis\u00e3o. \u201cQuem porventura vier para c\u00e1\u00a0dever\u00e1 estar sujeito \u00e0s nossas leis, regras e costumes, bem como dever\u00e1 cantar nosso hino e respeitar nossa cultura. N\u00e3o \u00e9 qualquer um que entra em nossa casa, nem ser\u00e1 qualquer um que entrar\u00e1 no Brasil via pacto adotado por terceiros.\u201d<\/p>\n<div class=\"SandboxRoot env-bp-350\" data-twitter-event-id=\"0\">\n<div id=\"twitter-widget-0\" class=\"EmbeddedTweet EmbeddedTweet--cta EmbeddedTweet--mediaForward media-forward js-clickToOpenTarget js-tweetIdInfo tweet-InformationCircle-widgetParent\" lang=\"pt\" data-click-to-open-target=\"https:\/\/twitter.com\/jairbolsonaro\/status\/1082924268361519104\" data-iframe-title=\"Tweet do Twitter\" data-scribe=\"page:tweet\" data-tweet-id=\"1082924268361519104\" data-twitter-event-id=\"1\">\n<article class=\"MediaCard MediaCard--mediaForward customisable-border\" dir=\"ltr\" data-scribe=\"component:card\"><\/article>\n<div class=\"tweet-InformationCircle--top tweet-InformationCircle\" data-scribe=\"element:notice\">A decis\u00e3o foi comunicada ao Minist\u00e9rio das Rela\u00e7\u00f5es Exteriores, que orientou o corpo diplom\u00e1tico a transmiti-la\u00a0\u00e0 Organiza\u00e7\u00e3o das Na\u00e7\u00f5es Unidas (ONU). O Brasil aderiu ao pacto em dezembro de 2018.<\/div>\n<\/div>\n<\/div>\n<p>Anteriormente, Bolsonaro e o ministro das Rela\u00e7\u00f5es Exteriores, Ernesto Ara\u00fajo, criticaram os termos do pacto. No \u00faltimo dia 2, em Bras\u00edlia, durante\u00a0reuni\u00e3o com o secret\u00e1rio de Estado norte-americano, Mike Pompeo, Bolsonaro afirmou que tinha a inten\u00e7\u00e3o de retirar o Brasil do acordo.<\/p>\n<p>Segundo o presidente, o pa\u00eds vai adotar crit\u00e9rios rigorosos para a entrada de imigrantes. Ap\u00f3s as elei\u00e7\u00f5es, ele afirmou que quem \u201cn\u00e3o passasse pelo crivo\u201d\u00a0n\u00e3o entraria no pa\u00eds.<\/p>\n<p>Para o chanceler, o pacto \u00e9 \u201cum instrumento inadequado para lidar com o problema. \u201cA imigra\u00e7\u00e3o n\u00e3o deve ser tratada como quest\u00e3o global, mas sim de acordo com a realidade e a soberania de cada pa\u00eds\u201d.<\/p>\n<p>Fechado em 2017 e chancelado no ano passado, o pacto estabeleceu orienta\u00e7\u00f5es espec\u00edficas para o recebimento de imigrantes, preservando o respeito aos direitos humanos sem associar nacionalidades.<\/p>\n<p>Dos representantes dos 193 pa\u00edses, 181 aderiram ao acordo. Estados Unidos e Hungria foram contr\u00e1rios. Rep\u00fablica Dominicana, Eritreia e L\u00edbia se abstiveram.<\/p>\n<p>No final de 2017, existiam quase 25,4 milh\u00f5es de refugiados em todo o mundo. Atualmente, apenas dez\u00a0pa\u00edses acolhem 60% das pessoas nessa situa\u00e7\u00e3o. S\u00f3 a Turquia abriga 3,5 milh\u00f5es de refugiados, mais do que qualquer outro pa\u00eds.<\/p>\n<p>O pacto global sobre refugiados aponta quatro objetivos principais: aliviar a press\u00e3o sobre os pa\u00edses anfitri\u00f5es, aumentar a autossufici\u00eancia dos refugiados, ampliar o acesso a solu\u00e7\u00f5es de pa\u00edses terceiros e ajudar a criar condi\u00e7\u00f5es nos pa\u00edses de origem, para um regresso dos cidad\u00e3os em seguran\u00e7a e dignidade.<\/p>\n","protected":false},"excerpt":{"rendered":"<p>O presidente Jair Bolsonaro confirmou a revoga\u00e7\u00e3o da ades\u00e3o do Brasil ao Pacto Global para Migra\u00e7\u00e3o Segura, Ordenada e Regular. Na sua conta no Twitter,&hellip; <\/p>\n","protected":false},"author":1,"featured_media":80566,"comment_status":"closed","ping_status":"closed","sticky":false,"template":"","format":"standard","meta":{"sfsi_plus_gutenberg_text_before_share":"","sfsi_plus_gutenberg_show_text_before_share":"","sfsi_plus_gutenberg_icon_type":"","sfsi_plus_gutenberg_icon_alignemt":"","sfsi_plus_gutenburg_max_per_row":"","footnotes":""},"categories":[11],"tags":[],"class_list":["post-80565","post","type-post","status-publish","format-standard","has-post-thumbnail","hentry","category-politica"],"_links":{"self":[{"href":"https:\/\/www.caririemacao.com\/1\/wp-json\/wp\/v2\/posts\/80565","targetHints":{"allow":["GET"]}}],"collection":[{"href":"https:\/\/www.caririemacao.com\/1\/wp-json\/wp\/v2\/posts"}],"about":[{"href":"https:\/\/www.caririemacao.com\/1\/wp-json\/wp\/v2\/types\/post"}],"author":[{"embeddable":true,"href":"https:\/\/www.caririemacao.com\/1\/wp-json\/wp\/v2\/users\/1"}],"replies":[{"embeddable":true,"href":"https:\/\/www.caririemacao.com\/1\/wp-json\/wp\/v2\/comments?post=80565"}],"version-history":[{"count":1,"href":"https:\/\/www.caririemacao.com\/1\/wp-json\/wp\/v2\/posts\/80565\/revisions"}],"predecessor-version":[{"id":80567,"href":"https:\/\/www.caririemacao.com\/1\/wp-json\/wp\/v2\/posts\/80565\/revisions\/80567"}],"wp:featuredmedia":[{"embeddable":true,"href":"https:\/\/www.caririemacao.com\/1\/wp-json\/wp\/v2\/media\/80566"}],"wp:attachment":[{"href":"https:\/\/www.caririemacao.com\/1\/wp-json\/wp\/v2\/media?parent=80565"}],"wp:term":[{"taxonomy":"category","embeddable":true,"href":"https:\/\/www.caririemacao.com\/1\/wp-json\/wp\/v2\/categories?post=80565"},{"taxonomy":"post_tag","embeddable":true,"href":"https:\/\/www.caririemacao.com\/1\/wp-json\/wp\/v2\/tags?post=80565"}],"curies":[{"name":"wp","href":"https:\/\/api.w.org\/{rel}","templated":true}]}}