{"id":80594,"date":"2019-01-09T09:34:58","date_gmt":"2019-01-09T12:34:58","guid":{"rendered":"http:\/\/www.caririemacao.com\/1\/?p=80594"},"modified":"2019-01-09T09:34:58","modified_gmt":"2019-01-09T12:34:58","slug":"decreto-que-flexibiliza-posse-de-arma-deve-estar-pronto-na-proxima-semana","status":"publish","type":"post","link":"https:\/\/www.caririemacao.com\/1\/2019\/01\/09\/decreto-que-flexibiliza-posse-de-arma-deve-estar-pronto-na-proxima-semana\/","title":{"rendered":"Decreto que flexibiliza posse de arma deve estar pronto na pr\u00f3xima semana"},"content":{"rendered":"<p>Decreto que flexibiliza a posse de armas de fogo deve estar pronto na pr\u00f3xima semana. A informa\u00e7\u00e3o foi repassada pelo ministro-chefe da Casa Civil, Onyx Lorenzoni, ap\u00f3s reuni\u00e3o ministerial. Onix ressaltou que o assunto est\u00e1 sendo tratado com o ministro da Justi\u00e7a e Seguran\u00e7a, S\u00e9rgio Moro.<\/p>\n<p>&nbsp;<\/p>\n<p>O decreto diz respeito \u00e0 posse de arma de fogo. No texto, de acordo com Onix Lorenzoni, ser\u00e1 esclarecido que se trata de \u201cposse\u201d, que permite ao cidad\u00e3o ter a arma em casa ou no local de trabalho. J\u00e1 o porte diz respeito \u00e0 circula\u00e7\u00e3o com arma de fogo fora de casa ou do trabalho.<\/p>\n<p>&nbsp;<\/p>\n<p>O presidente Jair Bolsonaro j\u00e1 havia dito, em entrevista ao SBT, na \u00faltima semana, que o decreto vai tirar a \u201csubjetividade\u201d do Estatuto do Desarmamento. Segundo ele, uma das ideias \u00e9 comprovar a efetiva necessidade com base em estat\u00edsticas de mortes por arma de fogo. Assim, moradores de locais com altos \u00edndices de mortalidade teriam mais facilidade em adquirir armas.<\/p>\n<p>&nbsp;<\/p>\n<p>&nbsp;<\/p>\n<p>EBC<\/p>\n","protected":false},"excerpt":{"rendered":"<p>Decreto que flexibiliza a posse de armas de fogo deve estar pronto na pr\u00f3xima semana. A informa\u00e7\u00e3o foi repassada pelo ministro-chefe da Casa Civil, Onyx&hellip; <\/p>\n","protected":false},"author":1,"featured_media":60196,"comment_status":"closed","ping_status":"closed","sticky":false,"template":"","format":"standard","meta":{"sfsi_plus_gutenberg_text_before_share":"","sfsi_plus_gutenberg_show_text_before_share":"","sfsi_plus_gutenberg_icon_type":"","sfsi_plus_gutenberg_icon_alignemt":"","sfsi_plus_gutenburg_max_per_row":"","footnotes":""},"categories":[11],"tags":[],"class_list":["post-80594","post","type-post","status-publish","format-standard","has-post-thumbnail","hentry","category-politica"],"_links":{"self":[{"href":"https:\/\/www.caririemacao.com\/1\/wp-json\/wp\/v2\/posts\/80594","targetHints":{"allow":["GET"]}}],"collection":[{"href":"https:\/\/www.caririemacao.com\/1\/wp-json\/wp\/v2\/posts"}],"about":[{"href":"https:\/\/www.caririemacao.com\/1\/wp-json\/wp\/v2\/types\/post"}],"author":[{"embeddable":true,"href":"https:\/\/www.caririemacao.com\/1\/wp-json\/wp\/v2\/users\/1"}],"replies":[{"embeddable":true,"href":"https:\/\/www.caririemacao.com\/1\/wp-json\/wp\/v2\/comments?post=80594"}],"version-history":[{"count":1,"href":"https:\/\/www.caririemacao.com\/1\/wp-json\/wp\/v2\/posts\/80594\/revisions"}],"predecessor-version":[{"id":80595,"href":"https:\/\/www.caririemacao.com\/1\/wp-json\/wp\/v2\/posts\/80594\/revisions\/80595"}],"wp:featuredmedia":[{"embeddable":true,"href":"https:\/\/www.caririemacao.com\/1\/wp-json\/wp\/v2\/media\/60196"}],"wp:attachment":[{"href":"https:\/\/www.caririemacao.com\/1\/wp-json\/wp\/v2\/media?parent=80594"}],"wp:term":[{"taxonomy":"category","embeddable":true,"href":"https:\/\/www.caririemacao.com\/1\/wp-json\/wp\/v2\/categories?post=80594"},{"taxonomy":"post_tag","embeddable":true,"href":"https:\/\/www.caririemacao.com\/1\/wp-json\/wp\/v2\/tags?post=80594"}],"curies":[{"name":"wp","href":"https:\/\/api.w.org\/{rel}","templated":true}]}}