{"id":80596,"date":"2019-01-09T09:38:49","date_gmt":"2019-01-09T12:38:49","guid":{"rendered":"http:\/\/www.caririemacao.com\/1\/?p=80596"},"modified":"2019-01-09T09:38:49","modified_gmt":"2019-01-09T12:38:49","slug":"oposicao-a-bolsonaro-precisa-ser-feita-desde-ja-diz-joao-azevedo-na-folha","status":"publish","type":"post","link":"https:\/\/www.caririemacao.com\/1\/2019\/01\/09\/oposicao-a-bolsonaro-precisa-ser-feita-desde-ja-diz-joao-azevedo-na-folha\/","title":{"rendered":"Oposi\u00e7\u00e3o a Bolsonaro precisa ser feita desde j\u00e1, diz Jo\u00e3o Azev\u00eado na Folha"},"content":{"rendered":"<p>Eleito em primeiro turno numa chapa que uniu PT, PSB e PDT, o governador da Para\u00edba, Jo\u00e3o Azev\u00eado (PSB), espera n\u00e3o sofrer retalia\u00e7\u00f5es do\u00a0governo Jair\u00a0Bolsonaro.<\/p>\n<p>Ele acredita existir apenas uma sa\u00edda para a esquerda no Brasil e diz que\u00a0a oposi\u00e7\u00e3o precisa ser feita desde o primeiro dia de governo.<\/p>\n<p>\u201cBuscar a unidade \u00e9 o que n\u00f3s temos que fazer. N\u00e3o h\u00e1 outro caminho.\u201d<\/p>\n<div>\n<div class=\"widget-image\">\n<figure><img decoding=\"async\" class=\"img-responsive lazyload\" data-src=\"https:\/\/f.i.uol.com.br\/fotografia\/2019\/01\/09\/15470266285c35c0c4279aa_1547026628_3x2_md.jpg\" data-sizes=\"(min-width: 1024px) 68vw, 100vw\" data-srcset=\"https:\/\/f.i.uol.com.br\/fotografia\/2019\/01\/09\/15470266285c35c0c4279aa_1547026628_3x2_th.jpg 100w,                                    https:\/\/f.i.uol.com.br\/fotografia\/2019\/01\/09\/15470266285c35c0c4279aa_1547026628_3x2_sm.jpg 480w,                   https:\/\/f.i.uol.com.br\/fotografia\/2019\/01\/09\/15470266285c35c0c4279aa_1547026628_3x2_md.jpg 768w,\" alt=\"O governador da Para\u00edba, Jo\u00e3o Azev\u00eado \" src=\"data:image\/svg+xml;base64,PHN2ZyB3aWR0aD0iMSIgaGVpZ2h0PSIxIiB4bWxucz0iaHR0cDovL3d3dy53My5vcmcvMjAwMC9zdmciPjwvc3ZnPg==\" \/><figcaption class=\"widget-image__subtitle\">O governador da Para\u00edba, Jo\u00e3o Azev\u00eado &#8211;\u00a0<span class=\"widget-image__credits\">Reprodu\u00e7\u00e3o\/ Facebook<\/span><\/figcaption><\/figure>\n<\/div>\n<\/div>\n<div id=\"_dynad_c_I5550010343_15470352575481096279975\"><iframe id=\"IF5550010343_15470352575481096279975\" data-src=\"https:\/\/s.dynad.net\/stack\/RZNcan3e1wC5zaMIQlGXmtF0BL7a_M_Nhd7dDcrVZDLDVKbQ_tcj7XAQPsWhT1lh.html\" name=\"I5550010343_15470352575481096279975\" width=\"100%\" height=\"0\" frameborder=\"0\" marginwidth=\"0\" marginheight=\"0\" scrolling=\"No\" align=\"top\" data-mce-fragment=\"1\" src=\"data:image\/svg+xml;base64,PHN2ZyB3aWR0aD0iMSIgaGVpZ2h0PSIxIiB4bWxucz0iaHR0cDovL3d3dy53My5vcmcvMjAwMC9zdmciPjwvc3ZnPg==\" class=\"lazyload\" data-load-mode=\"1\"><\/iframe><\/div>\n<p>Azev\u00eado reconhece erros eleitorais que levaram \u00e0 vit\u00f3ria de Bolsonaro. \u201cVaidades pessoais foram colocadas acima dos interesses do pa\u00eds e isso nos levou para esta situa\u00e7\u00e3o&#8221;, disse em entrevista \u00e0 Folha.<\/p>\n<p>O sr. integra um bloco de governadores nordestinos que apoiou Fernando Haddad (PT) e que fez cr\u00edticas contundentes ao presidente Jair Bolsonaro (PSL). Teme sofrer algum tipo de retalia\u00e7\u00e3o?<\/p>\n<p>O que eu espero \u00e9 que a rela\u00e7\u00e3o possa ser republicana da maneira que tem que ser. Isso n\u00e3o significa de forma alguma que diverg\u00eancias pol\u00edticas e compreens\u00e3o diferente fa\u00e7a com que um estado possa sofrer penalidades ou discrimina\u00e7\u00e3o por parte do governo federal. Espero realmente que seja um tratamento republicano. Claro que essa \u00e9 a minha expectativa, mas vamos aguardar para saber o que vai acontecer.<\/p>\n<p>Por que ent\u00e3o o sr. n\u00e3o participou do encontro com Bolsonaro ap\u00f3s as elei\u00e7\u00f5es, em novembro? Isso n\u00e3o faz parte desta rela\u00e7\u00e3o republicana?<\/p>\n<p>Faz sim. Primeiro \u00e9 importante entender que ainda hoje n\u00e3o houve um convite oficial do governo, nem antes de tomar posse e nem agora, para participar de qualquer reuni\u00e3o. Naquele dia, pela proximidade da reuni\u00e3o, eu tinha outra agenda e n\u00e3o participei. Em nenhum momento, vou me negar a participar de reuni\u00e3o desde que seja oficialmente convidado, \u00e9 claro.<\/p>\n<p>Durante a campanha,\u00a0 o sr. disse que os estados ficam sempre \u00e0 merc\u00ea dos ministros e da boa vontade do presidente. O senhor \u00e9 otimista em rela\u00e7\u00e3o \u00e0 mudan\u00e7a de cen\u00e1rio?<\/p>\n<p>N\u00e3o sou realmente muito otimista n\u00e3o. Eu espero que frases que foram ditas, a exemplo de \u201cmenos Bras\u00edlia e mais Brasil\u201d, sejam postas em pr\u00e1tica. Voc\u00ea n\u00e3o pode imaginar um pa\u00eds que tem uma distribui\u00e7\u00e3o dos royalties de petr\u00f3leo suspensa por uma liminar e ningu\u00e9m decide. Voc\u00ea n\u00e3o pode imaginar que os recursos oriundos da assinatura dos contratos para explora\u00e7\u00e3o do pr\u00e9-sal v\u00e1 para um fundo social e o governo federal n\u00e3o regulamenta este fundo e, consequentemente, n\u00e3o h\u00e1 transfer\u00eancia para estados e munic\u00edpios.<\/p>\n<p>O ex-governador Ricardo Coutinho (PSB), seu principal cabo eleitoral, sempre foi leal a Lula, mesmo quando o partido decidiu apoiar o impeachment da ex-presidente Dilma. Como o sr. enxerga um bloco de oposi\u00e7\u00e3o a Bolsonaro com o PSB, PC do B e PDT, mas sem o PT?<\/p>\n<p>A posi\u00e7\u00e3o do partido est\u00e1 acima de posi\u00e7\u00f5es pessoais dos membros. Eu acho que a posi\u00e7\u00e3o est\u00e1 correta. Ela precisa ser considerada.<\/p>\n<p>Ent\u00e3o o sr. concorda com o bloco de oposi\u00e7\u00e3o sem o PT?<\/p>\n<p>\u00c9 uma op\u00e7\u00e3o do PT n\u00e3o participar do bloco de oposi\u00e7\u00e3o. N\u00e3o \u00e9 uma posi\u00e7\u00e3o do PSB. Se o PT quiser participar junto com o bloco, eu defendo essa posi\u00e7\u00e3o. Aqui n\u00f3s fomos aliados ao PT, tivemos um candidato ao Senado do PT e continuamos participando juntamente aqui e, inclusive, com a participa\u00e7\u00e3o do PT dentro da gest\u00e3o.<\/p>\n<p>Ciro Gomes defendeu que \u00e9 preciso esperar uns cem dias para a oposi\u00e7\u00e3o fazer cobran\u00e7as efetivas ao novo governo. Concorda com ele?<\/p>\n<p>A oposi\u00e7\u00e3o precisa come\u00e7ar a apresentar exatamente o que espera do novo governo e fazer as cobran\u00e7as no dia-a-dia, a partir de hoje. N\u00e3o existe prazo para isso. Fala-se muito e n\u00e3o se sabe o que vai acontecer. Fica dif\u00edcil voc\u00ea cobrar, mas o posicionamento da oposi\u00e7\u00e3o precisa ser claro e desde o primeiro dia.<\/p>\n<p>Qual a sa\u00edda para as for\u00e7as de esquerda?<\/p>\n<p>Eu acho que a esquerda cometeu um erro nestas elei\u00e7\u00f5es, que foi exatamente n\u00e3o ter tido a capacidade de ter se unido. Se n\u00f3s tiv\u00e9ssemos nos unido, ter\u00edamos um outro resultado. Vaidades pessoais foram colocadas acima dos interesses do pa\u00eds e isso nos levou para esta situa\u00e7\u00e3o.<\/p>\n<p>Mas ainda h\u00e1 uma clara desuni\u00e3o da esquerda.<\/p>\n<p>Sim. Buscar a unidade \u00e9 o que n\u00f3s temos o que fazer. N\u00e3o h\u00e1 outro caminho. O que mais interessa para qualquer grupo \u00e9 ter a oposi\u00e7\u00e3o desarticulada.<\/p>\n<p>E quem deve liderar essa oposi\u00e7\u00e3o?<\/p>\n<p>Isso todos os partidos precisam se unir para debater. O PT tem uma import\u00e2ncia muito grande nesse processo, mas precisa fazer uma autocr\u00edtica no sentido de que, durante esse processo, o pr\u00f3prio desgaste do partido nos levou a esta situa\u00e7\u00e3o. O pr\u00f3prio Haddad entendia assim. Agora, o PT n\u00e3o se colocar dentro do bloco de oposi\u00e7\u00e3o junto com os outros partidos nos leva a essas dificuldades. Eu continuo insistindo que precisamos buscar a unidade das oposi\u00e7\u00f5es. \u00c9 o \u00fanico caminho para as esquerdas no Brasil.<\/p>\n<p>A curto prazo o que o sr. acha que Bolsonaro poderia fazer para ajudar os estados do Nordeste?<\/p>\n<p>O que precisa ser feito e mantido para os estados do Nordeste \u00e9 um n\u00edvel de investimento que, no caso espec\u00edfico da Para\u00edba, n\u00f3s possamos atingir, dentro de pouco tempo, a seguran\u00e7a h\u00eddrica que n\u00f3s precisamos.<\/p>\n<p>A dessaliniza\u00e7\u00e3o \u00e9 uma solu\u00e7\u00e3o vi\u00e1vel?<\/p>\n<p>Precisamos separar entre aquilo que \u00e9 atendido por dessalinizadores para pequenas comunidades como n\u00f3s fazemos hoje. Muitas vezes voc\u00ea perfura um po\u00e7o e o teor de sal \u00e9 muito alto. Voc\u00ea implanta um dessalinizador e resolve o problema. O custo desse sistema \u00e9 baixo e funciona sem muita despesa para o usu\u00e1rio. Entretanto, para voc\u00ea fazer dessaliniza\u00e7\u00e3o de \u00e1gua do mar para grandes popula\u00e7\u00f5es, isso, por exemplo, tem um custo muito mais alto do que trazer \u00e1gua do S\u00e3o Francisco. Temos solu\u00e7\u00f5es mais baratas do que a dessaliniza\u00e7\u00e3o.<\/p>\n<p>Quais s\u00e3o?<\/p>\n<p>A transposi\u00e7\u00e3o \u00e9 uma delas. O Eixo Leste est\u00e1 conclu\u00eddo. Falta concluir o Eixo Norte. Essa transposi\u00e7\u00e3o funcionando adequadamente, ela pode trazer seguran\u00e7a h\u00eddrica por um custo muito mais baixo. Uma coisa \u00e9 a dessaliniza\u00e7\u00e3o que acontece em Israel. Israel \u00e9 um pa\u00eds que \u00e9 paralelo ao mar. A popula\u00e7\u00e3o que demanda \u00e1gua est\u00e1 pr\u00f3xima do mar. Para as cidades que est\u00e3o pr\u00f3ximas do mar, o custo \u00e9 bem mais baixo. Imagine um estado como a Para\u00edba ou Pernambuco que, do litoral at\u00e9 a \u00faltima cidade, tem 500 a 800 quil\u00f4metros. O custo dessa \u00e1gua \u00e9 muito alto. O bombeamento com o custo da energia que temos hoje ficaria praticamente invi\u00e1vel.<\/p>\n<p>O Judici\u00e1rio recebeu aquele aumento nacional que, evidentemente, ter\u00e1 rebatimento nos estados por causa do efeito cascata. Qual tamanho desse impacto?<\/p>\n<p>A Para\u00edba manteve para 2019 a mesma previs\u00e3o or\u00e7ament\u00e1ria de 2018. O valor que foi repassado no ano passado, aproximadamente R$ 620 milh\u00f5es, para o Judici\u00e1rio, \u00e9 a nossa previs\u00e3o de repassar neste ano. N\u00e3o temos como aumentar duod\u00e9cimos, seja do Judici\u00e1rio, do Minist\u00e9rio P\u00fablico, da Assembleia Legislativa, do Tribunal de Contas, da Defensoria P\u00fablica, porque \u00e9 em fun\u00e7\u00e3o da receita. Se n\u00e3o tem aumento de receita, n\u00e3o podemos aumentar a despesa. Estamos trabalhando aqui dessa forma. O Judici\u00e1rio, bem como todos os outros poderes, tem que se adequar \u00e0s condi\u00e7\u00f5es do or\u00e7amento. O or\u00e7amento \u00e9 o mesmo do ano passado. N\u00e3o h\u00e1 acr\u00e9scimo.<\/p>\n<p>O sr. acumulou vencimentos enquanto secret\u00e1rio e chegou, segundo o TCE, a receber R$ 44 mil em um \u00fanico m\u00eas. N\u00e3o h\u00e1 um contrassenso a\u00ed?<\/p>\n<p>Eu trabalhei mais de 30 anos como engenheiro e sou aposentado. Como sou aposentado como professor. A legisla\u00e7\u00e3o, evidentemente, permite que voc\u00ea receba sua aposentadoria com o sal\u00e1rio do cargo que voc\u00ea est\u00e1 exercendo. A quest\u00e3o do ac\u00famulo n\u00e3o \u00e9 v\u00ednculo empregat\u00edcio. O que existe \u00e9 presid\u00eancia de conselho e que \u00e9 um pagamento de jeton, na \u00e9poca era R$ 900 mensais, pelas reuni\u00f5es que voc\u00ea tinha em determinados \u00f3rg\u00e3os. Isso \u00e9 uma legisla\u00e7\u00e3o que inclusive foi alterada agora. N\u00e3o era v\u00ednculo empregat\u00edcio.<\/p>\n","protected":false},"excerpt":{"rendered":"<p>Eleito em primeiro turno numa chapa que uniu PT, PSB e PDT, o governador da Para\u00edba, Jo\u00e3o Azev\u00eado (PSB), espera n\u00e3o sofrer retalia\u00e7\u00f5es do\u00a0governo Jair\u00a0Bolsonaro.&hellip; <\/p>\n","protected":false},"author":1,"featured_media":79312,"comment_status":"closed","ping_status":"closed","sticky":false,"template":"","format":"standard","meta":{"sfsi_plus_gutenberg_text_before_share":"","sfsi_plus_gutenberg_show_text_before_share":"","sfsi_plus_gutenberg_icon_type":"","sfsi_plus_gutenberg_icon_alignemt":"","sfsi_plus_gutenburg_max_per_row":"","footnotes":""},"categories":[11],"tags":[],"class_list":["post-80596","post","type-post","status-publish","format-standard","has-post-thumbnail","hentry","category-politica"],"_links":{"self":[{"href":"https:\/\/www.caririemacao.com\/1\/wp-json\/wp\/v2\/posts\/80596","targetHints":{"allow":["GET"]}}],"collection":[{"href":"https:\/\/www.caririemacao.com\/1\/wp-json\/wp\/v2\/posts"}],"about":[{"href":"https:\/\/www.caririemacao.com\/1\/wp-json\/wp\/v2\/types\/post"}],"author":[{"embeddable":true,"href":"https:\/\/www.caririemacao.com\/1\/wp-json\/wp\/v2\/users\/1"}],"replies":[{"embeddable":true,"href":"https:\/\/www.caririemacao.com\/1\/wp-json\/wp\/v2\/comments?post=80596"}],"version-history":[{"count":1,"href":"https:\/\/www.caririemacao.com\/1\/wp-json\/wp\/v2\/posts\/80596\/revisions"}],"predecessor-version":[{"id":80597,"href":"https:\/\/www.caririemacao.com\/1\/wp-json\/wp\/v2\/posts\/80596\/revisions\/80597"}],"wp:featuredmedia":[{"embeddable":true,"href":"https:\/\/www.caririemacao.com\/1\/wp-json\/wp\/v2\/media\/79312"}],"wp:attachment":[{"href":"https:\/\/www.caririemacao.com\/1\/wp-json\/wp\/v2\/media?parent=80596"}],"wp:term":[{"taxonomy":"category","embeddable":true,"href":"https:\/\/www.caririemacao.com\/1\/wp-json\/wp\/v2\/categories?post=80596"},{"taxonomy":"post_tag","embeddable":true,"href":"https:\/\/www.caririemacao.com\/1\/wp-json\/wp\/v2\/tags?post=80596"}],"curies":[{"name":"wp","href":"https:\/\/api.w.org\/{rel}","templated":true}]}}