{"id":80598,"date":"2019-01-09T09:44:19","date_gmt":"2019-01-09T12:44:19","guid":{"rendered":"http:\/\/www.caririemacao.com\/1\/?p=80598"},"modified":"2019-01-09T09:44:19","modified_gmt":"2019-01-09T12:44:19","slug":"prefeitura-municipal-de-prata-realiza-recuperacao-de-estradas-vicinais-na-zona-rural","status":"publish","type":"post","link":"https:\/\/www.caririemacao.com\/1\/2019\/01\/09\/prefeitura-municipal-de-prata-realiza-recuperacao-de-estradas-vicinais-na-zona-rural\/","title":{"rendered":"Prefeitura municipal de Prata realiza Recupera\u00e7\u00e3o de Estradas vicinais na Zona Rural"},"content":{"rendered":"<div>A prefeitura municipal de Prata atrav\u00e9s da Secretaria de Agricultura realizou a recupera\u00e7\u00e3o das estradas vicinais nas comunidades de Balan\u00e7o e Gabriel.O prefeito J\u00fanior N\u00f3brega relatou que:No m\u00eas de Novembro foram finalizadas\u00a0 todas as Estradas do munic\u00edpio.Apesar das dificuldade o prefeito relatou que sempre esteve a disposto a ajudar os moradores daquelas comunidades para que tenha um melhor acesso.<\/div>\n<div><\/div>\n<div class=\"separator\"><a href=\"https:\/\/4.bp.blogspot.com\/-0qjKjogu-tE\/XDXXpYM9gdI\/AAAAAAABR2w\/LXfzirvmEv0KkEJqN0LRTAzUPdH57k5igCLcBGAs\/s1600\/salt_20190109_075817_952.jpg\"><img fetchpriority=\"high\" decoding=\"async\" src=\"https:\/\/4.bp.blogspot.com\/-0qjKjogu-tE\/XDXXpYM9gdI\/AAAAAAABR2w\/LXfzirvmEv0KkEJqN0LRTAzUPdH57k5igCLcBGAs\/s320\/salt_20190109_075817_952.jpg\" width=\"320\" height=\"320\" border=\"0\" data-original-height=\"1600\" data-original-width=\"1600\" \/><\/a><\/div>\n<div class=\"separator\"><a href=\"https:\/\/4.bp.blogspot.com\/-4p0GvV3n12M\/XDXXylsuzgI\/AAAAAAABR28\/NYFCpORJ34EcaqJZzENe5xczcxrqZ3DFACLcBGAs\/s1600\/salt_20190109_075727_964.jpg\"><img decoding=\"async\" data-src=\"https:\/\/4.bp.blogspot.com\/-4p0GvV3n12M\/XDXXylsuzgI\/AAAAAAABR28\/NYFCpORJ34EcaqJZzENe5xczcxrqZ3DFACLcBGAs\/s320\/salt_20190109_075727_964.jpg\" width=\"320\" height=\"320\" border=\"0\" data-original-height=\"1600\" data-original-width=\"1600\" src=\"data:image\/svg+xml;base64,PHN2ZyB3aWR0aD0iMSIgaGVpZ2h0PSIxIiB4bWxucz0iaHR0cDovL3d3dy53My5vcmcvMjAwMC9zdmciPjwvc3ZnPg==\" class=\"lazyload\" style=\"--smush-placeholder-width: 320px; --smush-placeholder-aspect-ratio: 320\/320;\" \/><\/a><\/div>\n","protected":false},"excerpt":{"rendered":"<p>A prefeitura municipal de Prata atrav\u00e9s da Secretaria de Agricultura realizou a recupera\u00e7\u00e3o das estradas vicinais nas comunidades de Balan\u00e7o e Gabriel.O prefeito J\u00fanior N\u00f3brega&hellip; <\/p>\n","protected":false},"author":1,"featured_media":80599,"comment_status":"closed","ping_status":"closed","sticky":false,"template":"","format":"standard","meta":{"sfsi_plus_gutenberg_text_before_share":"","sfsi_plus_gutenberg_show_text_before_share":"","sfsi_plus_gutenberg_icon_type":"","sfsi_plus_gutenberg_icon_alignemt":"","sfsi_plus_gutenburg_max_per_row":"","footnotes":""},"categories":[6],"tags":[],"class_list":["post-80598","post","type-post","status-publish","format-standard","has-post-thumbnail","hentry","category-cidades"],"_links":{"self":[{"href":"https:\/\/www.caririemacao.com\/1\/wp-json\/wp\/v2\/posts\/80598","targetHints":{"allow":["GET"]}}],"collection":[{"href":"https:\/\/www.caririemacao.com\/1\/wp-json\/wp\/v2\/posts"}],"about":[{"href":"https:\/\/www.caririemacao.com\/1\/wp-json\/wp\/v2\/types\/post"}],"author":[{"embeddable":true,"href":"https:\/\/www.caririemacao.com\/1\/wp-json\/wp\/v2\/users\/1"}],"replies":[{"embeddable":true,"href":"https:\/\/www.caririemacao.com\/1\/wp-json\/wp\/v2\/comments?post=80598"}],"version-history":[{"count":1,"href":"https:\/\/www.caririemacao.com\/1\/wp-json\/wp\/v2\/posts\/80598\/revisions"}],"predecessor-version":[{"id":80600,"href":"https:\/\/www.caririemacao.com\/1\/wp-json\/wp\/v2\/posts\/80598\/revisions\/80600"}],"wp:featuredmedia":[{"embeddable":true,"href":"https:\/\/www.caririemacao.com\/1\/wp-json\/wp\/v2\/media\/80599"}],"wp:attachment":[{"href":"https:\/\/www.caririemacao.com\/1\/wp-json\/wp\/v2\/media?parent=80598"}],"wp:term":[{"taxonomy":"category","embeddable":true,"href":"https:\/\/www.caririemacao.com\/1\/wp-json\/wp\/v2\/categories?post=80598"},{"taxonomy":"post_tag","embeddable":true,"href":"https:\/\/www.caririemacao.com\/1\/wp-json\/wp\/v2\/tags?post=80598"}],"curies":[{"name":"wp","href":"https:\/\/api.w.org\/{rel}","templated":true}]}}