{"id":80620,"date":"2019-01-09T11:02:45","date_gmt":"2019-01-09T14:02:45","guid":{"rendered":"http:\/\/www.caririemacao.com\/1\/?p=80620"},"modified":"2019-01-09T11:02:45","modified_gmt":"2019-01-09T14:02:45","slug":"prefeitura-do-cariri-prorroga-situacao-de-emergencia-por-falta-de-chuvas","status":"publish","type":"post","link":"https:\/\/www.caririemacao.com\/1\/2019\/01\/09\/prefeitura-do-cariri-prorroga-situacao-de-emergencia-por-falta-de-chuvas\/","title":{"rendered":"Prefeitura do Cariri prorroga situa\u00e7\u00e3o de emerg\u00eancia por falta de chuvas"},"content":{"rendered":"<div class=\"post_header\">\n<div class=\"post_header_title\">\n<div class=\"post_info_cat\">\n<div class=\"breadcrumb\"><a href=\"http:\/\/www.vitrinedocariri.com.br\/\">HOME<\/a>\u00a0\u00bb\u00a0<a href=\"http:\/\/www.vitrinedocariri.com.br\/categoria\/destaque-principal\/\">DESTAQUE PRINCIPAL<\/a><\/div>\n<\/div>\n<h1>Prefeitura do Cariri prorroga situa\u00e7\u00e3o de emerg\u00eancia por falta de chuvas<\/h1>\n<div class=\"post_detail post_date\"><span class=\"post_info_date\">POSTADO EM 9 DE JANEIRO DE 2019<\/span><\/div>\n<div class=\"post_detail post_comment\">\n<div class=\"post_info_comment\"><a href=\"http:\/\/www.vitrinedocariri.com.br\/2019\/01\/prefeitura-do-cariri-prorroga-situacao-de-emergencia-por-falta-de-chuvas\/#respond\"><i class=\"fa fa-commenting\"><\/i>0<\/a><\/div>\n<div class=\"post_info_view\"><i class=\"fa fa-eye\"><\/i>11\u00a0Views<\/div>\n<p><a id=\"zilla-likes-31954\" class=\"zilla-likes\" title=\"Like this\" href=\"http:\/\/www.vitrinedocariri.com.br\/2019\/01\/prefeitura-do-cariri-prorroga-situacao-de-emergencia-por-falta-de-chuvas\/#\"><span class=\"zilla-likes-count\">0<\/span><\/a><\/div>\n<\/div>\n<\/div>\n<hr class=\"post_divider\" \/>\n<p><br class=\"clear\" \/><br class=\"clear\" \/><\/p>\n<div class=\"post_header single\">\n<div data-wpusb-component=\"buttons-section\">\n<div id=\"wpusb-container-default\" class=\"wpusb wpusb-default \" data-element-url=\"http%3A%2F%2Fwww.vitrinedocariri.com.br%2F2019%2F01%2Fprefeitura-do-cariri-prorroga-situacao-de-emergencia-por-falta-de-chuvas%2F\" data-element-title=\"Prefeitura%20do%20Cariri%20prorroga%20situa%C3%A7%C3%A3o%20de%20emerg%C3%AAncia%20por%20falta%20de%20chuvas\" data-attr-reference=\"31954\" data-attr-nonce=\"d91d6d79e2\" data-is-term=\"0\" data-wpusb-component=\"counter-social-share\">\n<div class=\"wpusb-item wpusb-facebook \"><\/div>\n<div class=\"wpusb-item wpusb-twitter \"><\/div>\n<div class=\"wpusb-item wpusb-google-plus \"><\/div>\n<div class=\"wpusb-item wpusb-whatsapp \"><\/div>\n<div class=\"wpusb-item wpusb-share \"><\/div>\n<\/div>\n<\/div>\n<p><img fetchpriority=\"high\" decoding=\"async\" class=\"alignleft size-medium wp-image-31516\" src=\"http:\/\/www.vitrinedocariri.com.br\/wp-content\/uploads\/2019\/01\/seca-5-300x225.jpg\" alt=\"\" width=\"300\" height=\"225\" \/>O prefeito do munic\u00edpio de Cabaceiras, Tiago Castro, prorrogou a situa\u00e7\u00e3o de emerg\u00eancia na cidade por conta da seca. A medida foi divulgada na edi\u00e7\u00e3o desta quarta-feira (09) do Di\u00e1rio Oficial da Federa\u00e7\u00e3o das Associa\u00e7\u00f5es de Munic\u00edpios da Para\u00edba (Famup).\u00a0<a href=\"http:\/\/www.maispb.com.br\/wp-content\/uploads\/2019\/01\/publicado_61609_2019-01-08_c30b243fa45c4e9de8cd4db2b56172d6.pdf\">Confira publica\u00e7\u00e3o na \u00edntegra.<\/a><\/p>\n<p>De acordo com a publica\u00e7\u00e3o, a falta de chuvas tem causado preju\u00edzos nas atividades produtivas, principalmente na \u00e1rea da agricultura e pecu\u00e1ria. \u00a0O decreto ainda afirma que o poder p\u00fablico deve adotar previd\u00eancias para amenizar os efeitos da seca e prover \u00e1gua e alimenta\u00e7\u00e3o para os habitantes.<\/p>\n<p>Segundo o decreto, moradores da \u00e1rea rural da cidade s\u00e3o os mais afetados pelo per\u00edodo de longa estiagem. O estado de emerg\u00eancia anteriormente declarado seria at\u00e9 o pr\u00f3ximo domingo (13), mas foi prorrogado por mais 180 dias.<\/p>\n<p>O decreto ainda autorizou a abertura do Cr\u00e9dito Extraordin\u00e1ria para tentar conter as consequ\u00eancias do cen\u00e1rio. Volunt\u00e1rios tamb\u00e9m foram convocados para refor\u00e7ar \u2018a\u00e7\u00f5es de respostas \u00e0 situa\u00e7\u00e3o de emerg\u00eancia.<\/p>\n<\/div>\n","protected":false},"excerpt":{"rendered":"<p>HOME\u00a0\u00bb\u00a0DESTAQUE PRINCIPAL Prefeitura do Cariri prorroga situa\u00e7\u00e3o de emerg\u00eancia por falta de chuvas POSTADO EM 9 DE JANEIRO DE 2019 0 11\u00a0Views 0 O prefeito&hellip; <\/p>\n","protected":false},"author":1,"featured_media":17234,"comment_status":"closed","ping_status":"closed","sticky":false,"template":"","format":"standard","meta":{"sfsi_plus_gutenberg_text_before_share":"","sfsi_plus_gutenberg_show_text_before_share":"","sfsi_plus_gutenberg_icon_type":"","sfsi_plus_gutenberg_icon_alignemt":"","sfsi_plus_gutenburg_max_per_row":"","footnotes":""},"categories":[2],"tags":[],"class_list":["post-80620","post","type-post","status-publish","format-standard","has-post-thumbnail","hentry","category-geral"],"_links":{"self":[{"href":"https:\/\/www.caririemacao.com\/1\/wp-json\/wp\/v2\/posts\/80620","targetHints":{"allow":["GET"]}}],"collection":[{"href":"https:\/\/www.caririemacao.com\/1\/wp-json\/wp\/v2\/posts"}],"about":[{"href":"https:\/\/www.caririemacao.com\/1\/wp-json\/wp\/v2\/types\/post"}],"author":[{"embeddable":true,"href":"https:\/\/www.caririemacao.com\/1\/wp-json\/wp\/v2\/users\/1"}],"replies":[{"embeddable":true,"href":"https:\/\/www.caririemacao.com\/1\/wp-json\/wp\/v2\/comments?post=80620"}],"version-history":[{"count":1,"href":"https:\/\/www.caririemacao.com\/1\/wp-json\/wp\/v2\/posts\/80620\/revisions"}],"predecessor-version":[{"id":80621,"href":"https:\/\/www.caririemacao.com\/1\/wp-json\/wp\/v2\/posts\/80620\/revisions\/80621"}],"wp:featuredmedia":[{"embeddable":true,"href":"https:\/\/www.caririemacao.com\/1\/wp-json\/wp\/v2\/media\/17234"}],"wp:attachment":[{"href":"https:\/\/www.caririemacao.com\/1\/wp-json\/wp\/v2\/media?parent=80620"}],"wp:term":[{"taxonomy":"category","embeddable":true,"href":"https:\/\/www.caririemacao.com\/1\/wp-json\/wp\/v2\/categories?post=80620"},{"taxonomy":"post_tag","embeddable":true,"href":"https:\/\/www.caririemacao.com\/1\/wp-json\/wp\/v2\/tags?post=80620"}],"curies":[{"name":"wp","href":"https:\/\/api.w.org\/{rel}","templated":true}]}}