{"id":80622,"date":"2019-01-09T11:07:49","date_gmt":"2019-01-09T14:07:49","guid":{"rendered":"http:\/\/www.caririemacao.com\/1\/?p=80622"},"modified":"2019-01-09T11:07:49","modified_gmt":"2019-01-09T14:07:49","slug":"joao-azevedo-diz-que-dessalinizacao-da-agua-do-mar-feita-em-israel-e-inviavel-na-paraiba","status":"publish","type":"post","link":"https:\/\/www.caririemacao.com\/1\/2019\/01\/09\/joao-azevedo-diz-que-dessalinizacao-da-agua-do-mar-feita-em-israel-e-inviavel-na-paraiba\/","title":{"rendered":"Jo\u00e3o Azev\u00eado diz que dessaliniza\u00e7\u00e3o da \u00e1gua do mar feita em Israel \u00e9 invi\u00e1vel na Para\u00edba"},"content":{"rendered":"<p>Em entrevista \u00e0 Folha de S\u00e3o Paulo publicada nesta quarta-feira (09), o governador da Para\u00edba, Jo\u00e3o Azev\u00eado, afirmou que a dessaliniza\u00e7\u00e3o de \u00e1gua do mar feita em Israel teria um custo muito alto se fosse aplicada na Para\u00edba. O presidente Jair Bolsonaro promete, desde a \u00e9poca de campanha, uma parceria com Israel para dessalinizar a \u00e1gua no Nordeste.<\/p>\n<p>No entanto, Jo\u00e3o Azev\u00eado, que desde o Governo de Ricardo Coutinho coordena as a\u00e7\u00f5es voltadas para a seguran\u00e7a h\u00eddrica, destacou que o custo para aplica\u00e7\u00e3o na regi\u00e3o seria alto demais. \u201cO custo dessa \u00e1gua \u00e9 muito alto. O bombeamento, com o custo da energia que temos hoje, ficaria praticamente invi\u00e1vel\u201d, afirmou.<\/p>\n<p>Ele ressaltou que a dist\u00e2ncia do mar para o interior do Estado \u00e9 muito grande. \u201cUma coisa \u00e9 a dessaliniza\u00e7\u00e3o que acontece em Israel. Israel \u00e9 um pa\u00eds que \u00e9 paralelo ao mar. A popula\u00e7\u00e3o que demanda \u00e1gua est\u00e1 pr\u00f3xima do mar. Para as cidades que est\u00e3o pr\u00f3ximas do mar, o custo \u00e9 bem mais baixo. Imagine um estado como a Para\u00edba ou Pernambuco que, do litoral at\u00e9 a \u00faltima cidade, tem 500 a 800 quil\u00f4metros\u201d, enfatizou Jo\u00e3o Azev\u00eado.<\/p>\n<p>O governador citou ainda que existem solu\u00e7\u00f5es mais baratas do que a dessaliniza\u00e7\u00e3o para garantir a seguran\u00e7a h\u00eddrica no Nordeste. Ele destacou que \u201ca Transposi\u00e7\u00e3o \u00e9 uma delas. O Eixo Leste est\u00e1 conclu\u00eddo. Falta concluir o Eixo Norte. Essa transposi\u00e7\u00e3o funcionando adequadamente, ela pode trazer seguran\u00e7a h\u00eddrica por um custo muito mais baixo\u201d.<\/p>\n<p>Jo\u00e3o Azev\u00eado ainda diferenciou o m\u00e9todo aplicado em Israel de dessaliniza\u00e7\u00e3o da \u00e1gua do mar do que hoje \u00e9 feito no Estado. \u201cPrecisamos separar entre aquilo que \u00e9 atendido por dessalinizadores para pequenas comunidades como n\u00f3s fazemos hoje. Muitas vezes voc\u00ea perfura um po\u00e7o e o teor de sal \u00e9 muito alto. Voc\u00ea implanta um dessalinizador e resolve o problema. O custo desse sistema \u00e9 baixo e funciona sem muita despesa para o usu\u00e1rio. Entretanto, para voc\u00ea fazer dessaliniza\u00e7\u00e3o de \u00e1gua do mar para grandes popula\u00e7\u00f5es, isso, por exemplo, tem um custo muito mais alto do que trazer \u00e1gua do S\u00e3o Francisco\u201d, afirmou o governador \u00e0 Folha.<\/p>\n","protected":false},"excerpt":{"rendered":"<p>Em entrevista \u00e0 Folha de S\u00e3o Paulo publicada nesta quarta-feira (09), o governador da Para\u00edba, Jo\u00e3o Azev\u00eado, afirmou que a dessaliniza\u00e7\u00e3o de \u00e1gua do mar&hellip; <\/p>\n","protected":false},"author":1,"featured_media":80623,"comment_status":"closed","ping_status":"closed","sticky":false,"template":"","format":"standard","meta":{"sfsi_plus_gutenberg_text_before_share":"","sfsi_plus_gutenberg_show_text_before_share":"","sfsi_plus_gutenberg_icon_type":"","sfsi_plus_gutenberg_icon_alignemt":"","sfsi_plus_gutenburg_max_per_row":"","footnotes":""},"categories":[2],"tags":[],"class_list":["post-80622","post","type-post","status-publish","format-standard","has-post-thumbnail","hentry","category-geral"],"_links":{"self":[{"href":"https:\/\/www.caririemacao.com\/1\/wp-json\/wp\/v2\/posts\/80622","targetHints":{"allow":["GET"]}}],"collection":[{"href":"https:\/\/www.caririemacao.com\/1\/wp-json\/wp\/v2\/posts"}],"about":[{"href":"https:\/\/www.caririemacao.com\/1\/wp-json\/wp\/v2\/types\/post"}],"author":[{"embeddable":true,"href":"https:\/\/www.caririemacao.com\/1\/wp-json\/wp\/v2\/users\/1"}],"replies":[{"embeddable":true,"href":"https:\/\/www.caririemacao.com\/1\/wp-json\/wp\/v2\/comments?post=80622"}],"version-history":[{"count":1,"href":"https:\/\/www.caririemacao.com\/1\/wp-json\/wp\/v2\/posts\/80622\/revisions"}],"predecessor-version":[{"id":80624,"href":"https:\/\/www.caririemacao.com\/1\/wp-json\/wp\/v2\/posts\/80622\/revisions\/80624"}],"wp:featuredmedia":[{"embeddable":true,"href":"https:\/\/www.caririemacao.com\/1\/wp-json\/wp\/v2\/media\/80623"}],"wp:attachment":[{"href":"https:\/\/www.caririemacao.com\/1\/wp-json\/wp\/v2\/media?parent=80622"}],"wp:term":[{"taxonomy":"category","embeddable":true,"href":"https:\/\/www.caririemacao.com\/1\/wp-json\/wp\/v2\/categories?post=80622"},{"taxonomy":"post_tag","embeddable":true,"href":"https:\/\/www.caririemacao.com\/1\/wp-json\/wp\/v2\/tags?post=80622"}],"curies":[{"name":"wp","href":"https:\/\/api.w.org\/{rel}","templated":true}]}}