{"id":80627,"date":"2019-01-09T11:11:52","date_gmt":"2019-01-09T14:11:52","guid":{"rendered":"http:\/\/www.caririemacao.com\/1\/?p=80627"},"modified":"2019-01-09T11:11:52","modified_gmt":"2019-01-09T14:11:52","slug":"ufpe-lanca-edital-de-concurso-publico-com-166-vagas-e-remuneracao-de-ate-r-4-18066","status":"publish","type":"post","link":"https:\/\/www.caririemacao.com\/1\/2019\/01\/09\/ufpe-lanca-edital-de-concurso-publico-com-166-vagas-e-remuneracao-de-ate-r-4-18066\/","title":{"rendered":"UFPE lan\u00e7a edital de concurso p\u00fablico com 166 vagas e remunera\u00e7\u00e3o de at\u00e9 R$ 4.180,66"},"content":{"rendered":"<p>A Universidade Federal de Pernambuco (UFPE) lan\u00e7ou\u00a0edital de concurso p\u00fablico com 166 vagas e remunera\u00e7\u00e3o de at\u00e9 R$ 4.180,66. As vagas oferecidas s\u00e3o\u00a0para t\u00e9cnicos administrativos em educa\u00e7\u00e3o de n\u00edveis m\u00e9dio e superior, com lota\u00e7\u00f5es nos campi Recife, Vit\u00f3ria e Caruaru.<\/p>\n<p>As inscri\u00e7\u00f5es podem ser feitas a partir de 16 de abril a 19 de maio de 2019, atrav\u00e9s dosite da Convest.\u00a0A taxa de inscri\u00e7\u00e3o ter\u00e1 valores de R$ 78,00, para os cargos pertencentes aos n\u00edveis de classifica\u00e7\u00e3o C e D, e de R$ 125,00, para os cargos de n\u00edvel de classifica\u00e7\u00e3o<\/p>\n<p>Confira o edital do concurso<\/p>\n<p>As vagas de n\u00edvel m\u00e9dio s\u00e3o para os seguintes cargos: n\u00edvel de classifica\u00e7\u00e3o C \u2013 Administrador de Edif\u00edcios; n\u00edvel de classifica\u00e7\u00e3o D \u2013 Assistente em Administra\u00e7\u00e3o, Desenhista de Artes Gr\u00e1ficas, T\u00e9cnico de Laborat\u00f3rio (v\u00e1rias \u00e1reas), T\u00e9cnico de Tecnologia da Informa\u00e7\u00e3o\/\u00c1rea Sistemas, T\u00e9cnico em Artes Gr\u00e1ficas, T\u00e9cnico em Contabilidade, T\u00e9cnico em Eletrot\u00e9cnica, T\u00e9cnico em Mec\u00e2nica, T\u00e9cnico em Radiologia e T\u00e9cnico em Enfermagem. O cargo com o maior n\u00famero de vagas \u00e9 o de Assistente em Administra\u00e7\u00e3o, com 85 vagas.<\/p>\n<p>As vagas para n\u00edvel superior s\u00e3o: n\u00edvel de classifica\u00e7\u00e3o E \u2013 Administrador, Analista de Tecnologia da Informa\u00e7\u00e3o\/\u00c1rea Sistemas, Arquiteto e Urbanista, Assistente Social, Diretor de Produ\u00e7\u00e3o, Economista, Engenheiro (v\u00e1rias \u00e1reas), M\u00e9dico (v\u00e1rias \u00e1reas), Qu\u00edmico, Sanitarista, Psic\u00f3logo, Tecn\u00f3logo\/Forma\u00e7\u00e3o: Seguran\u00e7a Privada, Biom\u00e9dico, Enfermeiro.<\/p>\n<p>Os vencimentos iniciais s\u00e3o de R$ 1.945,07 (n\u00edvel de classifica\u00e7\u00e3o C), R$ 2.446,96 (n\u00edvel de classifica\u00e7\u00e3o D) e R$ 4.180,66 (n\u00edvel de classifica\u00e7\u00e3o E).<\/p>\n<p>As provas ser\u00e3o aplicadas nos dias 18 de agosto de 2019, para as categorias C, D (exceto Assistente em Administra\u00e7\u00e3o) e E. No dia 25 de agosto de 2019, haver\u00e1 provas exclusivamente o cargo de Assistente em Administra\u00e7\u00e3o \u2013 categoria D.<\/p>\n<p>O concurso ter\u00e1 validade de um ano, a contar da publica\u00e7\u00e3o da homologa\u00e7\u00e3o do resultado no Di\u00e1rio Oficial da Uni\u00e3o, podendo ser prorrogado por igual per\u00edodo, a crit\u00e9rio da UFPE.<\/p>\n","protected":false},"excerpt":{"rendered":"<p>A Universidade Federal de Pernambuco (UFPE) lan\u00e7ou\u00a0edital de concurso p\u00fablico com 166 vagas e remunera\u00e7\u00e3o de at\u00e9 R$ 4.180,66. As vagas oferecidas s\u00e3o\u00a0para t\u00e9cnicos administrativos&hellip; <\/p>\n","protected":false},"author":1,"featured_media":71375,"comment_status":"closed","ping_status":"closed","sticky":false,"template":"","format":"standard","meta":{"sfsi_plus_gutenberg_text_before_share":"","sfsi_plus_gutenberg_show_text_before_share":"","sfsi_plus_gutenberg_icon_type":"","sfsi_plus_gutenberg_icon_alignemt":"","sfsi_plus_gutenburg_max_per_row":"","footnotes":""},"categories":[2],"tags":[],"class_list":["post-80627","post","type-post","status-publish","format-standard","has-post-thumbnail","hentry","category-geral"],"_links":{"self":[{"href":"https:\/\/www.caririemacao.com\/1\/wp-json\/wp\/v2\/posts\/80627","targetHints":{"allow":["GET"]}}],"collection":[{"href":"https:\/\/www.caririemacao.com\/1\/wp-json\/wp\/v2\/posts"}],"about":[{"href":"https:\/\/www.caririemacao.com\/1\/wp-json\/wp\/v2\/types\/post"}],"author":[{"embeddable":true,"href":"https:\/\/www.caririemacao.com\/1\/wp-json\/wp\/v2\/users\/1"}],"replies":[{"embeddable":true,"href":"https:\/\/www.caririemacao.com\/1\/wp-json\/wp\/v2\/comments?post=80627"}],"version-history":[{"count":1,"href":"https:\/\/www.caririemacao.com\/1\/wp-json\/wp\/v2\/posts\/80627\/revisions"}],"predecessor-version":[{"id":80628,"href":"https:\/\/www.caririemacao.com\/1\/wp-json\/wp\/v2\/posts\/80627\/revisions\/80628"}],"wp:featuredmedia":[{"embeddable":true,"href":"https:\/\/www.caririemacao.com\/1\/wp-json\/wp\/v2\/media\/71375"}],"wp:attachment":[{"href":"https:\/\/www.caririemacao.com\/1\/wp-json\/wp\/v2\/media?parent=80627"}],"wp:term":[{"taxonomy":"category","embeddable":true,"href":"https:\/\/www.caririemacao.com\/1\/wp-json\/wp\/v2\/categories?post=80627"},{"taxonomy":"post_tag","embeddable":true,"href":"https:\/\/www.caririemacao.com\/1\/wp-json\/wp\/v2\/tags?post=80627"}],"curies":[{"name":"wp","href":"https:\/\/api.w.org\/{rel}","templated":true}]}}