{"id":80631,"date":"2019-01-09T12:17:24","date_gmt":"2019-01-09T15:17:24","guid":{"rendered":"http:\/\/www.caririemacao.com\/1\/?p=80631"},"modified":"2019-01-09T12:17:24","modified_gmt":"2019-01-09T15:17:24","slug":"pb-teve-maior-volume-de-chuvas-dos-ultimos-5-anos-em-2018-diz-aesa","status":"publish","type":"post","link":"https:\/\/www.caririemacao.com\/1\/2019\/01\/09\/pb-teve-maior-volume-de-chuvas-dos-ultimos-5-anos-em-2018-diz-aesa\/","title":{"rendered":"PB teve maior volume de chuvas dos \u00faltimos 5 anos em 2018, diz Aesa"},"content":{"rendered":"<p>O volume de chuvas registrado na Para\u00edba em 2018 foi o maior dos \u00faltimos 5 anos, segundo os dados da Ag\u00eancia Executiva de Gest\u00e3o das \u00c1guas da Para\u00edba (Aesa). Segundo os dados divulgados, em 2018 as chuvas somaram 154,8 mil mil\u00edmetros. Esse foi o maior volume desde 2014, quando foram registrados 164,3 mil mil\u00edmetros.<\/p>\n<div class=\"green-area t-left t-cont text-center\">\n<div class=\"anuncio\">\n<div id=\"div-gpt-ad-1493386374551-0\" data-google-query-id=\"CMKbi57-4N8CFQ5gwQod-4gM4A\">\n<div id=\"google_ads_iframe_\/21685702823\/New_Sec_Conteudo_0__container__\">No ranking dos \u00faltimos 10 anos, o ano de 2018 ficou na 4\u00aa posi\u00e7\u00e3o. Nessa \u00faltima d\u00e9cada, os anos com maiores volumes foram: 1\u00ba 2011; 2\u00ba 2009; e 3 \u00ba 2014. Ainda nesses \u00faltimos 10 anos acompanhados pela Aesa, 2012 foi que teve menos chuvas.<\/div>\n<\/div>\n<\/div>\n<\/div>\n<p data-track-category=\"Link no Texto\" data-track-links=\"\">O c\u00e1lculo soma o total de chuvas de todas as esta\u00e7\u00f5es monitoradas pela Aesa nos 223 munic\u00edpios da Para\u00edba.<\/p>\n<p data-track-category=\"Link no Texto\" data-track-links=\"\">Segundo a meteorologista da Aesa, Marle Bandeira, a grande varia\u00e7\u00e3o registrada nos volumes de chuvas \u00e9 uma caracter\u00edstica do semi\u00e1rido. \u201cMais de 80% da Para\u00edba \u00e9 comporta de semi\u00e1rido. Ent\u00e3o a varia\u00e7\u00e3o \u00e9 muito grande sempre. Isso ocorre tanto de um dia para o outro, como naturalmente entre os anos\u201d, disse ela.<\/p>\n<p data-track-category=\"Link no Texto\" data-track-links=\"\">Apesar de a varia\u00e7\u00e3o ser comum, a meteorologista explica tamb\u00e9m que existem fen\u00f4menos e condi\u00e7\u00f5es que acabam influenciando nas chuvas. \u201cTivemos fen\u00f4menos como El \u00d1ino, as condi\u00e7\u00f5es do oceano Atl\u00e2ntico. Por exemplo \u00e9 importante que no Atl\u00e2ntico Norte esteja mais frio e no Atl\u00e2ntico Sul esteja mais quente. Al\u00e9m de outras condi\u00e7\u00f5es do Oceano Pac\u00edfico. Ent\u00e3o \u00e9 muito complexo pensar em uma \u201cf\u00f3rmula de chuvas\u201d pra o estado\u201d, explicou Marle.<\/p>\n<p data-track-category=\"Link no Texto\" data-track-links=\"\">Ainda de acordo com Marle Bandeira \u00e9 importante destacar que o volume total de chuvas n\u00e3o indica diretamente que um ano foi mais seco que o outro, tendo em vista, que \u00e9 importante entender que o estado tem regi\u00f5es diferentes.<\/p>\n<p>\u201c\u00c9 comum chover no Litoral, mas no Cariri, por exemplo, as chuvas podem ter volumes menores, mas que s\u00e3o importantes para a popula\u00e7\u00e3o. Se a gente tiver um ano de muitas chuvas no Litoral e no Sert\u00e3o chover menos, teremos um ano seco. Mas se as chuvas no Sert\u00e3o forem acima da m\u00e9dia e no Litoral ficaram abaixo, teremos um ano bom de chuvas\u201d, disse ela.<\/p>\n<p>&nbsp;<\/p>\n<p><strong><em>G1<\/em><\/strong><\/p>\n","protected":false},"excerpt":{"rendered":"<p>O volume de chuvas registrado na Para\u00edba em 2018 foi o maior dos \u00faltimos 5 anos, segundo os dados da Ag\u00eancia Executiva de Gest\u00e3o das&hellip; <\/p>\n","protected":false},"author":1,"featured_media":80632,"comment_status":"closed","ping_status":"closed","sticky":false,"template":"","format":"standard","meta":{"sfsi_plus_gutenberg_text_before_share":"","sfsi_plus_gutenberg_show_text_before_share":"","sfsi_plus_gutenberg_icon_type":"","sfsi_plus_gutenberg_icon_alignemt":"","sfsi_plus_gutenburg_max_per_row":"","footnotes":""},"categories":[50,2],"tags":[],"class_list":["post-80631","post","type-post","status-publish","format-standard","has-post-thumbnail","hentry","category-destaque","category-geral"],"_links":{"self":[{"href":"https:\/\/www.caririemacao.com\/1\/wp-json\/wp\/v2\/posts\/80631","targetHints":{"allow":["GET"]}}],"collection":[{"href":"https:\/\/www.caririemacao.com\/1\/wp-json\/wp\/v2\/posts"}],"about":[{"href":"https:\/\/www.caririemacao.com\/1\/wp-json\/wp\/v2\/types\/post"}],"author":[{"embeddable":true,"href":"https:\/\/www.caririemacao.com\/1\/wp-json\/wp\/v2\/users\/1"}],"replies":[{"embeddable":true,"href":"https:\/\/www.caririemacao.com\/1\/wp-json\/wp\/v2\/comments?post=80631"}],"version-history":[{"count":1,"href":"https:\/\/www.caririemacao.com\/1\/wp-json\/wp\/v2\/posts\/80631\/revisions"}],"predecessor-version":[{"id":80633,"href":"https:\/\/www.caririemacao.com\/1\/wp-json\/wp\/v2\/posts\/80631\/revisions\/80633"}],"wp:featuredmedia":[{"embeddable":true,"href":"https:\/\/www.caririemacao.com\/1\/wp-json\/wp\/v2\/media\/80632"}],"wp:attachment":[{"href":"https:\/\/www.caririemacao.com\/1\/wp-json\/wp\/v2\/media?parent=80631"}],"wp:term":[{"taxonomy":"category","embeddable":true,"href":"https:\/\/www.caririemacao.com\/1\/wp-json\/wp\/v2\/categories?post=80631"},{"taxonomy":"post_tag","embeddable":true,"href":"https:\/\/www.caririemacao.com\/1\/wp-json\/wp\/v2\/tags?post=80631"}],"curies":[{"name":"wp","href":"https:\/\/api.w.org\/{rel}","templated":true}]}}