{"id":80634,"date":"2019-01-09T12:20:05","date_gmt":"2019-01-09T15:20:05","guid":{"rendered":"http:\/\/www.caririemacao.com\/1\/?p=80634"},"modified":"2019-01-09T12:20:05","modified_gmt":"2019-01-09T15:20:05","slug":"carro-pega-fogo-e-moradores-suspeitam-de-incendio-criminoso-na-pb","status":"publish","type":"post","link":"https:\/\/www.caririemacao.com\/1\/2019\/01\/09\/carro-pega-fogo-e-moradores-suspeitam-de-incendio-criminoso-na-pb\/","title":{"rendered":"Carro pega fogo e moradores suspeitam de inc\u00eandio criminoso, na PB"},"content":{"rendered":"<p>Por volta das 23h dessa ter\u00e7a-feira (08) um ve\u00edculo pegou fogo na cidade de Sol\u00e2nea.<\/p>\n<div class=\"green-area t-left t-cont text-center\">\n<div class=\"anuncio\">\n<div id=\"div-gpt-ad-1493386374551-0\" data-google-query-id=\"CISG86D-4N8CFdJjwQod5SgLBA\">\n<div id=\"google_ads_iframe_\/21685702823\/New_Sec_Conteudo_0__container__\">De acordo com informa\u00e7\u00f5es dos moradores da localidade, o inc\u00eandio ode ter sido criminoso.<\/div>\n<\/div>\n<\/div>\n<\/div>\n<p>O carro pertence a uma pessoa que mora em S\u00e3o Paulo e estaria passando f\u00e9rias na casa de parentes na cidade paraibana.<\/p>\n<p>C\u00e2meras de seguran\u00e7a localizadas nas proximidades do ocorrido poder\u00e3o auxiliar nas investiga\u00e7\u00f5es.<\/p>\n<p>O interior do ve\u00edculo ficou totalmente destru\u00eddo.<\/p>\n<p><strong><em>PB Agora<\/em><\/strong><\/p>\n","protected":false},"excerpt":{"rendered":"<p>Por volta das 23h dessa ter\u00e7a-feira (08) um ve\u00edculo pegou fogo na cidade de Sol\u00e2nea. De acordo com informa\u00e7\u00f5es dos moradores da localidade, o inc\u00eandio&hellip; <\/p>\n","protected":false},"author":1,"featured_media":80635,"comment_status":"closed","ping_status":"closed","sticky":false,"template":"","format":"standard","meta":{"sfsi_plus_gutenberg_text_before_share":"","sfsi_plus_gutenberg_show_text_before_share":"","sfsi_plus_gutenberg_icon_type":"","sfsi_plus_gutenberg_icon_alignemt":"","sfsi_plus_gutenburg_max_per_row":"","footnotes":""},"categories":[12],"tags":[],"class_list":["post-80634","post","type-post","status-publish","format-standard","has-post-thumbnail","hentry","category-policia"],"_links":{"self":[{"href":"https:\/\/www.caririemacao.com\/1\/wp-json\/wp\/v2\/posts\/80634","targetHints":{"allow":["GET"]}}],"collection":[{"href":"https:\/\/www.caririemacao.com\/1\/wp-json\/wp\/v2\/posts"}],"about":[{"href":"https:\/\/www.caririemacao.com\/1\/wp-json\/wp\/v2\/types\/post"}],"author":[{"embeddable":true,"href":"https:\/\/www.caririemacao.com\/1\/wp-json\/wp\/v2\/users\/1"}],"replies":[{"embeddable":true,"href":"https:\/\/www.caririemacao.com\/1\/wp-json\/wp\/v2\/comments?post=80634"}],"version-history":[{"count":1,"href":"https:\/\/www.caririemacao.com\/1\/wp-json\/wp\/v2\/posts\/80634\/revisions"}],"predecessor-version":[{"id":80636,"href":"https:\/\/www.caririemacao.com\/1\/wp-json\/wp\/v2\/posts\/80634\/revisions\/80636"}],"wp:featuredmedia":[{"embeddable":true,"href":"https:\/\/www.caririemacao.com\/1\/wp-json\/wp\/v2\/media\/80635"}],"wp:attachment":[{"href":"https:\/\/www.caririemacao.com\/1\/wp-json\/wp\/v2\/media?parent=80634"}],"wp:term":[{"taxonomy":"category","embeddable":true,"href":"https:\/\/www.caririemacao.com\/1\/wp-json\/wp\/v2\/categories?post=80634"},{"taxonomy":"post_tag","embeddable":true,"href":"https:\/\/www.caririemacao.com\/1\/wp-json\/wp\/v2\/tags?post=80634"}],"curies":[{"name":"wp","href":"https:\/\/api.w.org\/{rel}","templated":true}]}}