{"id":80638,"date":"2019-01-09T12:26:52","date_gmt":"2019-01-09T15:26:52","guid":{"rendered":"http:\/\/www.caririemacao.com\/1\/?p=80638"},"modified":"2019-01-09T12:26:52","modified_gmt":"2019-01-09T15:26:52","slug":"posto-de-combustivel-em-juazeirinho-comercializa-gasolina-com-um-dos-menores-precos-da-paraiba","status":"publish","type":"post","link":"https:\/\/www.caririemacao.com\/1\/2019\/01\/09\/posto-de-combustivel-em-juazeirinho-comercializa-gasolina-com-um-dos-menores-precos-da-paraiba\/","title":{"rendered":"Posto de combust\u00edvel em Juazeirinho comercializa gasolina com um dos menores pre\u00e7os da Para\u00edba"},"content":{"rendered":"<div style=\"margin: 0px; padding: 0px; text-align: justify; color: #333333; text-transform: none; text-indent: 0px; letter-spacing: normal; font-family: 'Helvetica Neue', Helvetica, Arial, sans-serif; font-size: 14px; font-style: normal; font-weight: normal; word-spacing: 0px; white-space: normal; box-sizing: border-box; orphans: 2; widows: 2; background-color: #ffffff; font-variant-ligatures: normal; font-variant-caps: normal; -webkit-text-stroke-width: 0px; text-decoration-style: initial; text-decoration-color: initial;\">Com o pre\u00e7o ainda acima da casa dos R$4,00 nos postos de toda a Para\u00edba, o\u00a0\u201cAuto Posto<span class=\"Apple-converted-space\">\u00a0<\/span><i>O Bilos\u00e3o\u201d, l<\/i>ocalizado na cidade de Juazeirinho, Serid\u00f3 do Estado, est\u00e1 comercializando gasolina comum ao pre\u00e7o de R$ 3,97 \u00e0 vista, pre\u00e7o bem abaixo do que \u00e9 comercializado nas cidades do Cariri e at\u00e9 nos postos localizados em Jo\u00e3o Pessoa e Campina Grande.<\/div>\n<div style=\"margin: 0px; padding: 0px; text-align: justify; color: #333333; text-transform: none; text-indent: 0px; letter-spacing: normal; font-family: 'Helvetica Neue', Helvetica, Arial, sans-serif; font-size: 14px; font-style: normal; font-weight: normal; word-spacing: 0px; white-space: normal; box-sizing: border-box; orphans: 2; widows: 2; background-color: #ffffff; font-variant-ligatures: normal; font-variant-caps: normal; -webkit-text-stroke-width: 0px; text-decoration-style: initial; text-decoration-color: initial;\"><\/div>\n<div style=\"margin: 0px; padding: 0px; text-align: justify; color: #333333; text-transform: none; text-indent: 0px; letter-spacing: normal; font-family: 'Helvetica Neue', Helvetica, Arial, sans-serif; font-size: 14px; font-style: normal; font-weight: normal; word-spacing: 0px; white-space: normal; box-sizing: border-box; orphans: 2; widows: 2; background-color: #ffffff; font-variant-ligatures: normal; font-variant-caps: normal; -webkit-text-stroke-width: 0px; text-decoration-style: initial; text-decoration-color: initial;\">Ao se comparar com os pre\u00e7os em postos de combust\u00edveis em Campina Grande, um dos menores pre\u00e7os da gasolina \u00e9 encontrado no valor de R$ 4,10 \u00e0 4,22, a exemplo do Posto Sudoeste que comercializa o litro da gasolina no valor promocional de R$ 4,22.<\/div>\n<div style=\"margin: 0px; padding: 0px; text-align: justify; color: #333333; text-transform: none; text-indent: 0px; letter-spacing: normal; font-family: 'Helvetica Neue', Helvetica, Arial, sans-serif; font-size: 14px; font-style: normal; font-weight: normal; word-spacing: 0px; white-space: normal; box-sizing: border-box; orphans: 2; widows: 2; background-color: #ffffff; font-variant-ligatures: normal; font-variant-caps: normal; -webkit-text-stroke-width: 0px; text-decoration-style: initial; text-decoration-color: initial;\"><img fetchpriority=\"high\" decoding=\"async\" class=\"wp-image-61340 alignright\" src=\"http:\/\/deolhonocariri.com.br\/wp-content\/uploads\/2019\/01\/49897839_532002390635794_5219323165238362112_n-499x600.jpg\" sizes=\"(max-width: 297px) 100vw, 297px\" srcset=\"http:\/\/deolhonocariri.com.br\/wp-content\/uploads\/2019\/01\/49897839_532002390635794_5219323165238362112_n-499x600.jpg 499w, http:\/\/deolhonocariri.com.br\/wp-content\/uploads\/2019\/01\/49897839_532002390635794_5219323165238362112_n-333x400.jpg 333w, http:\/\/deolhonocariri.com.br\/wp-content\/uploads\/2019\/01\/49897839_532002390635794_5219323165238362112_n-768x924.jpg 768w, http:\/\/deolhonocariri.com.br\/wp-content\/uploads\/2019\/01\/49897839_532002390635794_5219323165238362112_n.jpg 798w\" alt=\"\" width=\"302\" height=\"363\" \/><\/div>\n<div style=\"margin: 0px; padding: 0px; text-align: justify; color: #333333; text-transform: none; text-indent: 0px; letter-spacing: normal; font-family: 'Helvetica Neue', Helvetica, Arial, sans-serif; font-size: 14px; font-style: normal; font-weight: normal; word-spacing: 0px; white-space: normal; box-sizing: border-box; orphans: 2; widows: 2; background-color: #ffffff; font-variant-ligatures: normal; font-variant-caps: normal; -webkit-text-stroke-width: 0px; text-decoration-style: initial; text-decoration-color: initial;\"><\/div>\n<div style=\"margin: 0px; padding: 0px; text-align: justify; color: #333333; text-transform: none; text-indent: 0px; letter-spacing: normal; font-family: 'Helvetica Neue', Helvetica, Arial, sans-serif; font-size: 14px; font-style: normal; font-weight: normal; word-spacing: 0px; white-space: normal; box-sizing: border-box; orphans: 2; widows: 2; background-color: #ffffff; font-variant-ligatures: normal; font-variant-caps: normal; -webkit-text-stroke-width: 0px; text-decoration-style: initial; text-decoration-color: initial;\">Na cidade de Patos, o Posto Beira Rio \u00e9 encontrado o pre\u00e7o da gasolina comum no valor de R$ 3,89 em dinheiro como forma de pagamento e \u00e9 registrado como um dos menores pre\u00e7os comercializados na Para\u00edba.<\/div>\n<div style=\"margin: 0px; padding: 0px; text-align: justify; color: #333333; text-transform: none; text-indent: 0px; letter-spacing: normal; font-family: 'Helvetica Neue', Helvetica, Arial, sans-serif; font-size: 14px; font-style: normal; font-weight: normal; word-spacing: 0px; white-space: normal; box-sizing: border-box; orphans: 2; widows: 2; background-color: #ffffff; font-variant-ligatures: normal; font-variant-caps: normal; -webkit-text-stroke-width: 0px; text-decoration-style: initial; text-decoration-color: initial;\"><\/div>\n<div style=\"margin: 0px; padding: 0px; text-align: justify; color: #333333; text-transform: none; text-indent: 0px; letter-spacing: normal; font-family: 'Helvetica Neue', Helvetica, Arial, sans-serif; font-size: 14px; font-style: normal; font-weight: normal; word-spacing: 0px; white-space: normal; box-sizing: border-box; orphans: 2; widows: 2; background-color: #ffffff; font-variant-ligatures: normal; font-variant-caps: normal; -webkit-text-stroke-width: 0px; text-decoration-style: initial; text-decoration-color: initial;\">Nas demais cidades do Cariri, a faixa de pre\u00e7os da gasolina comum nos postos de combust\u00edveis \u00e9 de R$ 4,45 \u00e0 4,65. Em Serra Branca, em dos postos de combust\u00edveis,\u00a0 o pre\u00e7o da gasolina \u00e9 encontrado no valor de R$ 4,60. Em contato com a nossa equipe de reportagem, o propriet\u00e1rio Aimar Gaud\u00eancio j\u00e1 estuda diminuir nos pr\u00f3ximos dias o pre\u00e7o da gasolina.<\/div>\n<div style=\"margin: 0px; padding: 0px; text-align: justify; color: #333333; text-transform: none; text-indent: 0px; letter-spacing: normal; font-family: 'Helvetica Neue', Helvetica, Arial, sans-serif; font-size: 14px; font-style: normal; font-weight: normal; word-spacing: 0px; white-space: normal; box-sizing: border-box; orphans: 2; widows: 2; background-color: #ffffff; font-variant-ligatures: normal; font-variant-caps: normal; -webkit-text-stroke-width: 0px; text-decoration-style: initial; text-decoration-color: initial;\"><\/div>\n<div style=\"margin: 0px; padding: 0px; text-align: justify; color: #333333; text-transform: none; text-indent: 0px; letter-spacing: normal; font-family: 'Helvetica Neue', Helvetica, Arial, sans-serif; font-size: 14px; font-style: normal; font-weight: normal; word-spacing: 0px; white-space: normal; box-sizing: border-box; orphans: 2; widows: 2; background-color: #ffffff; font-variant-ligatures: normal; font-variant-caps: normal; -webkit-text-stroke-width: 0px; text-decoration-style: initial; text-decoration-color: initial;\"><strong>Terceira redu\u00e7\u00e3o no ano\u00a0<\/strong><\/div>\n<div style=\"margin: 0px; padding: 0px; color: #333333; text-transform: none; text-indent: 0px; letter-spacing: normal; font-family: 'Helvetica Neue', Helvetica, Arial, sans-serif; font-size: 14px; font-style: normal; font-weight: normal; word-spacing: 0px; white-space: normal; box-sizing: border-box; orphans: 2; widows: 2; background-color: #ffffff; font-variant-ligatures: normal; font-variant-caps: normal; -webkit-text-stroke-width: 0px; text-decoration-style: initial; text-decoration-color: initial;\">\n<div><\/div>\n<div>Nesta ter\u00e7a-feira(08), a Petrobr\u00e1s anunciou a terceira redu\u00e7\u00e3o do pre\u00e7o do combust\u00edvel nas refinarias. Essa \u00e9 a terceira queda consecutiva do pre\u00e7o do combust\u00edvel, que come\u00e7ou o ano sendo vendido a R$ 1,5087 por litro. Desde o dia 1\u00ba, a gasolina acumula queda de 4,97% no pre\u00e7o nas refinarias da estatal.\u00a0O pre\u00e7o do diesel foi mantido em R$ 1,8545, o mesmo valor desde 1\u00ba de janeiro.<\/div>\n<\/div>\n<div style=\"margin: 0px; padding: 0px; color: #333333; text-transform: none; text-indent: 0px; letter-spacing: normal; font-family: 'Helvetica Neue', Helvetica, Arial, sans-serif; font-size: 14px; font-style: normal; font-weight: normal; word-spacing: 0px; white-space: normal; box-sizing: border-box; orphans: 2; widows: 2; background-color: #ffffff; font-variant-ligatures: normal; font-variant-caps: normal; -webkit-text-stroke-width: 0px; text-decoration-style: initial; text-decoration-color: initial;\"><\/div>\n<div><\/div>\n<div style=\"margin: 0px; padding: 0px; color: #333333; text-transform: none; text-indent: 0px; letter-spacing: normal; font-family: 'Helvetica Neue', Helvetica, Arial, sans-serif; font-size: 14px; font-style: normal; font-weight: normal; word-spacing: 0px; white-space: normal; box-sizing: border-box; orphans: 2; widows: 2; background-color: #ffffff; font-variant-ligatures: normal; font-variant-caps: normal; -webkit-text-stroke-width: 0px; text-decoration-style: initial; text-decoration-color: initial;\"><strong>De Olho no Cariri<\/strong><\/div>\n","protected":false},"excerpt":{"rendered":"<p>Com o pre\u00e7o ainda acima da casa dos R$4,00 nos postos de toda a Para\u00edba, o\u00a0\u201cAuto Posto\u00a0O Bilos\u00e3o\u201d, localizado na cidade de Juazeirinho, Serid\u00f3 do&hellip; <\/p>\n","protected":false},"author":1,"featured_media":80639,"comment_status":"closed","ping_status":"closed","sticky":false,"template":"","format":"standard","meta":{"sfsi_plus_gutenberg_text_before_share":"","sfsi_plus_gutenberg_show_text_before_share":"","sfsi_plus_gutenberg_icon_type":"","sfsi_plus_gutenberg_icon_alignemt":"","sfsi_plus_gutenburg_max_per_row":"","footnotes":""},"categories":[50,2],"tags":[],"class_list":["post-80638","post","type-post","status-publish","format-standard","has-post-thumbnail","hentry","category-destaque","category-geral"],"_links":{"self":[{"href":"https:\/\/www.caririemacao.com\/1\/wp-json\/wp\/v2\/posts\/80638","targetHints":{"allow":["GET"]}}],"collection":[{"href":"https:\/\/www.caririemacao.com\/1\/wp-json\/wp\/v2\/posts"}],"about":[{"href":"https:\/\/www.caririemacao.com\/1\/wp-json\/wp\/v2\/types\/post"}],"author":[{"embeddable":true,"href":"https:\/\/www.caririemacao.com\/1\/wp-json\/wp\/v2\/users\/1"}],"replies":[{"embeddable":true,"href":"https:\/\/www.caririemacao.com\/1\/wp-json\/wp\/v2\/comments?post=80638"}],"version-history":[{"count":1,"href":"https:\/\/www.caririemacao.com\/1\/wp-json\/wp\/v2\/posts\/80638\/revisions"}],"predecessor-version":[{"id":80640,"href":"https:\/\/www.caririemacao.com\/1\/wp-json\/wp\/v2\/posts\/80638\/revisions\/80640"}],"wp:featuredmedia":[{"embeddable":true,"href":"https:\/\/www.caririemacao.com\/1\/wp-json\/wp\/v2\/media\/80639"}],"wp:attachment":[{"href":"https:\/\/www.caririemacao.com\/1\/wp-json\/wp\/v2\/media?parent=80638"}],"wp:term":[{"taxonomy":"category","embeddable":true,"href":"https:\/\/www.caririemacao.com\/1\/wp-json\/wp\/v2\/categories?post=80638"},{"taxonomy":"post_tag","embeddable":true,"href":"https:\/\/www.caririemacao.com\/1\/wp-json\/wp\/v2\/tags?post=80638"}],"curies":[{"name":"wp","href":"https:\/\/api.w.org\/{rel}","templated":true}]}}