{"id":80642,"date":"2019-01-09T12:44:43","date_gmt":"2019-01-09T15:44:43","guid":{"rendered":"http:\/\/www.caririemacao.com\/1\/?p=80642"},"modified":"2019-01-09T12:44:43","modified_gmt":"2019-01-09T15:44:43","slug":"treinador-da-raposa-admite-que-time-necessita-melhorar-ate-a-estreia-no-paraibano-nos-ainda-apresentamos-alguns-erros","status":"publish","type":"post","link":"https:\/\/www.caririemacao.com\/1\/2019\/01\/09\/treinador-da-raposa-admite-que-time-necessita-melhorar-ate-a-estreia-no-paraibano-nos-ainda-apresentamos-alguns-erros\/","title":{"rendered":"Treinador da Raposa admite que time necessita melhorar at\u00e9 a estreia no Paraibano: &#8220;N\u00f3s ainda apresentamos alguns erros\u201d"},"content":{"rendered":"<p>Ap\u00f3s os jogos de pr\u00e9-temporada, o t\u00e9cnico do Campinense, Francisco Di\u00e1, est\u00e1 fazendo os ajustes na equipe para a estreia no Campeonato Paraibano, no pr\u00f3ximo domingo, \u00e0s 17 horas, contra o Sousa, no Sert\u00e3o. Ele n\u00e3o est\u00e1 totalmente satisfeito com o rendimento do time, apesar das vit\u00f3rias nos amistosos, e acha que \u00e9 preciso melhorar para come\u00e7ar com o p\u00e9 direito a competi\u00e7\u00e3o.<\/p>\n<div class=\"green-area t-left t-cont text-center\">\n<div class=\"anuncio\">\n<div id=\"div-gpt-ad-1493386374551-0\" data-google-query-id=\"CJfTwbn-4N8CFQNswQodgfgMng\">\n<div id=\"google_ads_iframe_\/21685702823\/New_Sec_Conteudo_0__container__\"><\/div>\n<\/div>\n<\/div>\n<\/div>\n<p>&#8220;N\u00f3s ainda apresentamos alguns erros, sobretudo na transi\u00e7\u00e3o da defesa para o ataque. Estamos muito devagar e permitindo a recupera\u00e7\u00e3o do advers\u00e1rio. Tamb\u00e9m estamos errando muitos passes, o que faz com que o clube perca muito a posse de bola. Isto ficou evidente no primeiro tempo contra o Central. Tentamos corrigir no intervalo e jogamos bem melhor no segundo tempo&#8221;, disse o treinador.<\/p>\n<p>&nbsp;<\/p>\n<p>As condi\u00e7\u00f5es do gramado do Mariz\u00e3o \u00e9 um assunto que vem preocupando a comiss\u00e3o t\u00e9cnica e os jogadores da Raposa. As imagens exibidas no in\u00edcio da semana nas televis\u00f5es mostra que o campo tem muitos buracos. O atacante Warlei n\u00e3o esconde a sua preocupa\u00e7\u00e3o com o estado do gramado, mas acha que o grupo tem condi\u00e7\u00f5es de superar as dificuldades.<\/p>\n<p>&nbsp;<\/p>\n<p>\u201cO grupo est\u00e1 tranquilo, fez uma \u00f3tima pr\u00e9-temporada, e temos condi\u00e7\u00f5es de superar o campo ruim. O time est\u00e1 encaixando, melhorando o entrosamento, e esta semana, estamos corrigindo algumas pequenas falhas para chegar bem na estreia. Sabemos que vamos enfrentar muitas dificuldades, mas temos condi\u00e7\u00f5es de surpreender o advers\u00e1rio&#8221;, disse o atacante. Al\u00e9m do gramado ruim, uma outra preocupa\u00e7\u00e3o da comiss\u00e3o t\u00e9cnica \u00e9 com o forte calor que faz em Sousa e com o desgaste dos jogadores logo no in\u00edcio da competi\u00e7\u00e3o. O preparador f\u00edsico, Ven\u00e2ncio Soares, j\u00e1 preparou um esquema especial para a partida.<\/p>\n<p>&nbsp;<\/p>\n<p>PBAgora<\/p>\n<p>&nbsp;<\/p>\n","protected":false},"excerpt":{"rendered":"<p>Ap\u00f3s os jogos de pr\u00e9-temporada, o t\u00e9cnico do Campinense, Francisco Di\u00e1, est\u00e1 fazendo os ajustes na equipe para a estreia no Campeonato Paraibano, no pr\u00f3ximo&hellip; <\/p>\n","protected":false},"author":1,"featured_media":80643,"comment_status":"closed","ping_status":"closed","sticky":false,"template":"","format":"standard","meta":{"sfsi_plus_gutenberg_text_before_share":"","sfsi_plus_gutenberg_show_text_before_share":"","sfsi_plus_gutenberg_icon_type":"","sfsi_plus_gutenberg_icon_alignemt":"","sfsi_plus_gutenburg_max_per_row":"","footnotes":""},"categories":[13],"tags":[],"class_list":["post-80642","post","type-post","status-publish","format-standard","has-post-thumbnail","hentry","category-esportes"],"_links":{"self":[{"href":"https:\/\/www.caririemacao.com\/1\/wp-json\/wp\/v2\/posts\/80642","targetHints":{"allow":["GET"]}}],"collection":[{"href":"https:\/\/www.caririemacao.com\/1\/wp-json\/wp\/v2\/posts"}],"about":[{"href":"https:\/\/www.caririemacao.com\/1\/wp-json\/wp\/v2\/types\/post"}],"author":[{"embeddable":true,"href":"https:\/\/www.caririemacao.com\/1\/wp-json\/wp\/v2\/users\/1"}],"replies":[{"embeddable":true,"href":"https:\/\/www.caririemacao.com\/1\/wp-json\/wp\/v2\/comments?post=80642"}],"version-history":[{"count":1,"href":"https:\/\/www.caririemacao.com\/1\/wp-json\/wp\/v2\/posts\/80642\/revisions"}],"predecessor-version":[{"id":80644,"href":"https:\/\/www.caririemacao.com\/1\/wp-json\/wp\/v2\/posts\/80642\/revisions\/80644"}],"wp:featuredmedia":[{"embeddable":true,"href":"https:\/\/www.caririemacao.com\/1\/wp-json\/wp\/v2\/media\/80643"}],"wp:attachment":[{"href":"https:\/\/www.caririemacao.com\/1\/wp-json\/wp\/v2\/media?parent=80642"}],"wp:term":[{"taxonomy":"category","embeddable":true,"href":"https:\/\/www.caririemacao.com\/1\/wp-json\/wp\/v2\/categories?post=80642"},{"taxonomy":"post_tag","embeddable":true,"href":"https:\/\/www.caririemacao.com\/1\/wp-json\/wp\/v2\/tags?post=80642"}],"curies":[{"name":"wp","href":"https:\/\/api.w.org\/{rel}","templated":true}]}}