{"id":80649,"date":"2019-01-09T12:50:29","date_gmt":"2019-01-09T15:50:29","guid":{"rendered":"http:\/\/www.caririemacao.com\/1\/?p=80649"},"modified":"2019-01-09T12:50:29","modified_gmt":"2019-01-09T15:50:29","slug":"estudantes-da-ufpb-criticam-fala-de-ministra-damares-alves-contra-o-sisu","status":"publish","type":"post","link":"https:\/\/www.caririemacao.com\/1\/2019\/01\/09\/estudantes-da-ufpb-criticam-fala-de-ministra-damares-alves-contra-o-sisu\/","title":{"rendered":"Estudantes da UFPB criticam fala de Ministra Damares Alves contra o Sisu"},"content":{"rendered":"<p>Ap\u00f3s a pol\u00eamica envolvendo a cor da roupa para meninos e meninas, Damares Alves, Ministra da Mulher, Fam\u00edlia e Direitos Humanos, criticou o Sistema de Sele\u00e7\u00e3o Unificada (Sisu), que d\u00e1 a possibilidade do estudante se candidatar a vaga universit\u00e1ria longe de onde mora a fam\u00edlia. A declara\u00e7\u00e3o da ministra gerou uma onda de coment\u00e1rios que dizem \u201cn\u00e3o ser papel do governo atuar em escolhas t\u00e3o pessoais\u201d.<\/p>\n<div class=\"green-area t-left t-cont text-center\">\n<div class=\"anuncio\">\n<div id=\"div-gpt-ad-1493386374551-0\" data-google-query-id=\"CN-hucD-4N8CFQhswQodVIUJSw\">\n<div id=\"google_ads_iframe_\/21685702823\/New_Sec_Conteudo_0__container__\"><\/div>\n<\/div>\n<\/div>\n<\/div>\n<p>Al\u00e9m de melhores oportunidades para a futura profiss\u00e3o, os estudantes afirmam que a liberdade \u00e9 um dos fatores mais atraentes para estudar longe de casa. Em entrevista ao Globo News, na \u00faltima quinta-feira (3), a atual ministra, autora da pol\u00eamica \u201cmenina veste rosa e menino veste azul\u201d, afirmou que a sa\u00edda do estudante para outro Estado \u201cenfraquece o v\u00ednculo familiar\u201d. Al\u00e9m da cr\u00edtica ao Sisu, Damares afirma que a sa\u00edda do jovem para outro estado requer investimento financeiro por parte da fam\u00edlia, que muitas vezes n\u00e3o tem como custear a estadia do filho em outro local.<\/p>\n<p>&nbsp;<\/p>\n<p>Em entrevista, alunos residentes da Universidade Federal da Para\u00edba (UFPB), em sua maioria, concordam que, apesar da dist\u00e2ncia e a constante saudade dos familiares, a universidade d\u00e1 suporte para alunos de outros estados que precisam enfrentar a vida acad\u00eamica sozinhos. Os estudantes aprovam a experi\u00eancia como forma de crescimento e amadurecimento, pois longe dos pais t\u00eam a oportunidade de ingressar na vida adulta de forma independente.<\/p>\n<p>&nbsp;<\/p>\n<p>Cintia Viana, estudante de dan\u00e7a, acredita que \u201cos estudantes possuem o livre arb\u00edtrio para estudar onde quiserem\u201d, principalmente por cada pessoa possuir uma bagagem de desejos e vontades que devem ser respeitados. \u201cAl\u00e9m do mais, filhos de pais ricos possuem a liberdade de estudar at\u00e9 no exterior e eu acredito que essa oportunidade para os menos privilegiados vem sendo constru\u00edda aos poucos, diariamente. Ent\u00e3o, particularmente falando, eu considero a declara\u00e7\u00e3o bem absurda!\u201d<\/p>\n<p>&nbsp;<\/p>\n<p>Sobre a saudade dos familiares, a jovem afirma que a tecnologia vem quebrando a barreira da dist\u00e2ncia, tornando as pessoas muito mais pr\u00f3ximas. Ainda sobre a afirma\u00e7\u00e3o da ministra, Cintia afirma que a decis\u00e3o deve ser tomada pensando no aluno, em concord\u00e2ncia com os pais. Sobre a escolha por uma institui\u00e7\u00e3o, Higor Kenet, de 23 anos, outros fatores, como a qualidade do ensino ou cursos espec\u00edficos, influencia na hora da decis\u00e3o: \u201cComo aluno de fora, sei que n\u00e3o \u00e9 barato custear uma vida longe de casa, principalmente longe dos pais, mas hoje, especialmente para os que residem na institui\u00e7\u00e3o, al\u00e9m da pr\u00f3pria resid\u00eancia, existe o aux\u00edlio dos restaurantes universit\u00e1rios, fora as bolsas de estudo que o aluno pode conseguir dentro do curso.\u201d<\/p>\n<p>&nbsp;<\/p>\n<p>Alef Berg, estudante de computa\u00e7\u00e3o da UFPB, viaja mais de 250 quil\u00f4metros para visitar sua cidade natal no per\u00edodo de f\u00e9rias, para o jovem cada pessoa possui uma viv\u00eancia familiar diferente, o que torna a sa\u00edda para a universidade uma escolha particular, cabendo ao estudante e \u00e0 fam\u00edlia fazer a melhor escolha.<\/p>\n<p>&nbsp;<\/p>\n","protected":false},"excerpt":{"rendered":"<p>Ap\u00f3s a pol\u00eamica envolvendo a cor da roupa para meninos e meninas, Damares Alves, Ministra da Mulher, Fam\u00edlia e Direitos Humanos, criticou o Sistema de&hellip; <\/p>\n","protected":false},"author":1,"featured_media":19699,"comment_status":"closed","ping_status":"closed","sticky":false,"template":"","format":"standard","meta":{"sfsi_plus_gutenberg_text_before_share":"","sfsi_plus_gutenberg_show_text_before_share":"","sfsi_plus_gutenberg_icon_type":"","sfsi_plus_gutenberg_icon_alignemt":"","sfsi_plus_gutenburg_max_per_row":"","footnotes":""},"categories":[14],"tags":[],"class_list":["post-80649","post","type-post","status-publish","format-standard","has-post-thumbnail","hentry","category-educacao"],"_links":{"self":[{"href":"https:\/\/www.caririemacao.com\/1\/wp-json\/wp\/v2\/posts\/80649","targetHints":{"allow":["GET"]}}],"collection":[{"href":"https:\/\/www.caririemacao.com\/1\/wp-json\/wp\/v2\/posts"}],"about":[{"href":"https:\/\/www.caririemacao.com\/1\/wp-json\/wp\/v2\/types\/post"}],"author":[{"embeddable":true,"href":"https:\/\/www.caririemacao.com\/1\/wp-json\/wp\/v2\/users\/1"}],"replies":[{"embeddable":true,"href":"https:\/\/www.caririemacao.com\/1\/wp-json\/wp\/v2\/comments?post=80649"}],"version-history":[{"count":1,"href":"https:\/\/www.caririemacao.com\/1\/wp-json\/wp\/v2\/posts\/80649\/revisions"}],"predecessor-version":[{"id":80650,"href":"https:\/\/www.caririemacao.com\/1\/wp-json\/wp\/v2\/posts\/80649\/revisions\/80650"}],"wp:featuredmedia":[{"embeddable":true,"href":"https:\/\/www.caririemacao.com\/1\/wp-json\/wp\/v2\/media\/19699"}],"wp:attachment":[{"href":"https:\/\/www.caririemacao.com\/1\/wp-json\/wp\/v2\/media?parent=80649"}],"wp:term":[{"taxonomy":"category","embeddable":true,"href":"https:\/\/www.caririemacao.com\/1\/wp-json\/wp\/v2\/categories?post=80649"},{"taxonomy":"post_tag","embeddable":true,"href":"https:\/\/www.caririemacao.com\/1\/wp-json\/wp\/v2\/tags?post=80649"}],"curies":[{"name":"wp","href":"https:\/\/api.w.org\/{rel}","templated":true}]}}