{"id":80668,"date":"2019-01-09T15:37:00","date_gmt":"2019-01-09T18:37:00","guid":{"rendered":"http:\/\/www.caririemacao.com\/1\/?p=80668"},"modified":"2019-01-09T15:37:00","modified_gmt":"2019-01-09T18:37:00","slug":"ministro-sugere-regras-diferenciadas-para-militares-na-previdencia","status":"publish","type":"post","link":"https:\/\/www.caririemacao.com\/1\/2019\/01\/09\/ministro-sugere-regras-diferenciadas-para-militares-na-previdencia\/","title":{"rendered":"Ministro sugere regras diferenciadas para militares na Previd\u00eancia"},"content":{"rendered":"<p>Na cerim\u00f4nia de transmiss\u00e3o de cargo do Comando da Marinha hoje (9), o ministro da Defesa, Fernando Azevedo e Silva, ressaltou que a reforma da Previd\u00eancia deve avaliar regras diferenciadas para militares. A solenidade, no Clube Naval de Bras\u00edlia, contou com a presen\u00e7a do presidente Jair Bolsonaro, que chegou ao local a bordo da lancha Amaz\u00f4nia. Seguindo o protocolo, o presidente n\u00e3o discursou.<\/p>\n<p>Azevedo mencionou a reforma da Previd\u00eancia ao se despedir do ex-comandante, o almirante de esquadra Eduardo Bacellar Ferreira, que passou o comando para o tamb\u00e9m almirante de esquadra Ilques Barbosa Junior.<\/p>\n<p>\u201c[Ferreira] foi incans\u00e1vel no esfor\u00e7o de comunicar as peculiaridades da nossa fun\u00e7\u00e3o\u201d, disse Azevedo e Silva. Segundo o ministro, o esfor\u00e7o garantiu avan\u00e7ar para um adequado amparo social aos militares das For\u00e7as Armadas e seus dependentes.<\/p>\n<p>O ministro da Defesa destacou tamb\u00e9m a trajet\u00f3ria do militar, lembrando os 48 anos \u201cde extrema dedica\u00e7\u00e3o e servi\u00e7os prestados\u201d.<\/p>\n<p>Desde a posse, Bolsonaro cumpriu pelo menos quatro agendas militares, entre almo\u00e7os e solenidades. Na sexta-feira (11), ele participa da transmiss\u00e3o de comando do Ex\u00e9rcito. Ao longo de sua campanha, Bolsonaro se comprometeu, em diversas declara\u00e7\u00f5es, a prestigiar e dar visibilidade \u00e0s atividades das For\u00e7as Armadas.<\/p>\n<p>Soberania<br \/>\nDepois da salva de 19 tiros, o almirante Ilques Barbosa Junior ressaltou que a din\u00e2mica das rela\u00e7\u00f5es internacionais estabeleceu um \u201ctempo de guerra e paz\u201d que exige a uni\u00e3o de esfor\u00e7os de todas as For\u00e7as Armadas e da sociedade.<\/p>\n<p>\u201cEm tempos de guerra e paz, \u00e9 imperiosa uma rigorosa prontid\u00e3o dos sistemas de defesa que envolvem tanto as For\u00e7as Armadas como os demais segmentos da sociedade brasileira de modo a ser alcan\u00e7ado o cont\u00ednuo fortalecimento de todas as vertentes da soberania nacional\u201d, disse.<\/p>\n<p>O almirante lembrou que a Marinha \u00e9 for\u00e7a fundamental na defesa das riquezas do pa\u00eds e lembrou a diversidade da Amaz\u00f4nia Azul, os espa\u00e7os oce\u00e2nicos de onde s\u00e3o retirados 85% do petr\u00f3leo e 75% do g\u00e1s natural e por onde \u00e9 transmitida praticamente toda a comunica\u00e7\u00e3o do pa\u00eds por cabos submarinos.<\/p>\n<p>\u201cDevemos estar sempre pontos a atuar em defesa dos interesses da nossa p\u00e1tria nos espa\u00e7os pantaneiros, amaz\u00f4nicos\u201d, disse o almirante, informando que entre suas prioridades est\u00e3o programas estrat\u00e9gicos como o desenvolvimento de submarinos e a constru\u00e7\u00e3o do n\u00facleo de navios-patrulha.<\/p>\n<p>Trajet\u00f3ria<br \/>\nO almirante de esquadra Ilques Barbosa Junior, de 64 anos, nasceu em Ribeir\u00e3o Preto (SP) e tem quase cinco d\u00e9cadas de servi\u00e7o militar. Ingressou na Escola Naval em 1973, chegou ao posto de contra-almirante em mar\u00e7o de 2007 e alcan\u00e7ou o de almirante de esquadra em novembro de 2014.<\/p>\n<p>O \u00faltimo cargo ocupado pelo almirante foi o de chefe do Estado-Maior da Armada, \u00f3rg\u00e3o de Dire\u00e7\u00e3o-Geral da Marinha para assessoramento do comando da For\u00e7a.<\/p>\n<p>Despedida<br \/>\nNo discurso de despedida, o almirante Ferreira disse que a \u201cgrandeza e a prosperidade\u201d do Brasil, depender\u00e3o, cada vez mais, do bom uso que os brasileiros vierem a fazer do mar. Ele tamb\u00e9m afirmou que o pa\u00eds precisar\u00e1 manter cada vez mais a capacidade de defesa dos interesses mar\u00edtimos.<\/p>\n<p>\u201cEste \u00e9 o chamado S\u00e9culo Azul. Em todo o mundo, a participa\u00e7\u00e3o da economia do mar cresce exponencialmente. Por suas condi\u00e7\u00f5es geopol\u00edticas \u00fanicas, o Brasil \u00e9 um dos pa\u00edses com maior potencial de aproveitamento dessas novas circunst\u00e2ncias\u201d, disse Ferreira.<\/p>\n<p>O almirante ressaltou o potencial do Brasil. \u201cEstamos entre os maiores produtores mundiais de petr\u00f3leo no mar, e as cargas movimentadas em nossos portos terminais correspondem, em volume, a quase 10% do total do com\u00e9rcio mar\u00edtimo internacional. Torna-se necess\u00e1rio cada vez mais manter a capacidade de defesa dos nossos interesses mar\u00edtimos que, com certeza, ser\u00e3o desafiados.\u201d<\/p>\n<p>&nbsp;<\/p>\n<p>EBC<\/p>\n","protected":false},"excerpt":{"rendered":"<p>Na cerim\u00f4nia de transmiss\u00e3o de cargo do Comando da Marinha hoje (9), o ministro da Defesa, Fernando Azevedo e Silva, ressaltou que a reforma da&hellip; <\/p>\n","protected":false},"author":1,"featured_media":80669,"comment_status":"closed","ping_status":"closed","sticky":false,"template":"","format":"standard","meta":{"sfsi_plus_gutenberg_text_before_share":"","sfsi_plus_gutenberg_show_text_before_share":"","sfsi_plus_gutenberg_icon_type":"","sfsi_plus_gutenberg_icon_alignemt":"","sfsi_plus_gutenburg_max_per_row":"","footnotes":""},"categories":[11],"tags":[],"class_list":["post-80668","post","type-post","status-publish","format-standard","has-post-thumbnail","hentry","category-politica"],"_links":{"self":[{"href":"https:\/\/www.caririemacao.com\/1\/wp-json\/wp\/v2\/posts\/80668","targetHints":{"allow":["GET"]}}],"collection":[{"href":"https:\/\/www.caririemacao.com\/1\/wp-json\/wp\/v2\/posts"}],"about":[{"href":"https:\/\/www.caririemacao.com\/1\/wp-json\/wp\/v2\/types\/post"}],"author":[{"embeddable":true,"href":"https:\/\/www.caririemacao.com\/1\/wp-json\/wp\/v2\/users\/1"}],"replies":[{"embeddable":true,"href":"https:\/\/www.caririemacao.com\/1\/wp-json\/wp\/v2\/comments?post=80668"}],"version-history":[{"count":1,"href":"https:\/\/www.caririemacao.com\/1\/wp-json\/wp\/v2\/posts\/80668\/revisions"}],"predecessor-version":[{"id":80670,"href":"https:\/\/www.caririemacao.com\/1\/wp-json\/wp\/v2\/posts\/80668\/revisions\/80670"}],"wp:featuredmedia":[{"embeddable":true,"href":"https:\/\/www.caririemacao.com\/1\/wp-json\/wp\/v2\/media\/80669"}],"wp:attachment":[{"href":"https:\/\/www.caririemacao.com\/1\/wp-json\/wp\/v2\/media?parent=80668"}],"wp:term":[{"taxonomy":"category","embeddable":true,"href":"https:\/\/www.caririemacao.com\/1\/wp-json\/wp\/v2\/categories?post=80668"},{"taxonomy":"post_tag","embeddable":true,"href":"https:\/\/www.caririemacao.com\/1\/wp-json\/wp\/v2\/tags?post=80668"}],"curies":[{"name":"wp","href":"https:\/\/api.w.org\/{rel}","templated":true}]}}