{"id":80672,"date":"2019-01-09T16:04:45","date_gmt":"2019-01-09T19:04:45","guid":{"rendered":"http:\/\/www.caririemacao.com\/1\/?p=80672"},"modified":"2019-01-09T16:04:45","modified_gmt":"2019-01-09T19:04:45","slug":"presidentes-de-camaras-do-cariri-realizam-cadastramento-de-gestores-publicos-junto-ao-tce","status":"publish","type":"post","link":"https:\/\/www.caririemacao.com\/1\/2019\/01\/09\/presidentes-de-camaras-do-cariri-realizam-cadastramento-de-gestores-publicos-junto-ao-tce\/","title":{"rendered":"Presidentes de C\u00e2maras do Cariri realizam cadastramento de gestores p\u00fablicos junto ao TCE"},"content":{"rendered":"<p>O Tribunal de Contas da Para\u00edba iniciou, na manh\u00e3 desta quarta-feira (09), o cadastramento de gestores estaduais e municipais para que tenham acesso ao Sistema Eletr\u00f4nico de Tramita\u00e7\u00e3o de Processo (Tramita) e demais aplicativos do Portal do Gestor.<\/p>\n<p>Na oportunidade, alguns novos presidentes de c\u00e2maras do cariri paraibano, estiveram participando do cadastramento e acompanhamento junto ao presidente do TCE. Os presidentes das c\u00e2maras de\u00a0<strong>S\u00e3o Jo\u00e3o do Cariri<\/strong>\u00a0(Beto Gaud\u00eancio),\u00a0<strong>Cara\u00fabas<\/strong>\u00a0(Nero),\u00a0<strong>Serra Branca<\/strong>\u00a0(Paulo S\u00e9rgio),\u00a0<strong>Gurj\u00e3o<\/strong>\u00a0(Maria Elizete) e\u00a0<strong>Cabaceiras<\/strong>\u00a0(Renato Maracaj\u00e1), estiveram participando do cadastramento juntamente com o contador Joilton Gon\u00e7alves.<\/p>\n<p>A provid\u00eancia, decorrente do aprimoramento do Processo de Acompanhamento da Gest\u00e3o, serve ao encaminhamento ao TCE de informa\u00e7\u00f5es relacionadas a receitas e despesas p\u00fablicas, muitas delas em tempo real. Tamb\u00e9m, em sentido inverso, \u00e0s notifica\u00e7\u00f5es da Presid\u00eancia, dos relatores de contas p\u00fablicas, ou da Auditoria aos dirigentes dos organismos sob jurisdi\u00e7\u00e3o do Tribunal.<\/p>\n<p>Os primeiros cadastramentos \u2013 recadastramentos, no caso de presidentes de C\u00e2maras Municipais reconduzidos ao cargo \u2013 tiveram o acompanhamento do presidente do TCE, conselheiro Andr\u00e9 Carlo Torres Pontes, por quem foram recebidos.<\/p>\n<p>\u201cVoc\u00eas est\u00e3o chegando e eu estou de sa\u00edda\u201d, brincou ele, aludindo ao fato de que seu per\u00edodo de gest\u00e3o \u00e0 frente do TCE termina este m\u00eas. Em seguida, disp\u00f4s ao aux\u00edlio de todos o ambiente, equipes e equipamentos do Espa\u00e7o Cidadania Digital, recentemente inaugurado e na ocasi\u00e3o utilizado para a coleta, ou atualiza\u00e7\u00e3o, dos dados de cada dirigente p\u00fablico.<\/p>\n<p>Isso incluiu endere\u00e7o postal, comprova\u00e7\u00e3o documental do cargo exercido, telefone e e-mail, ap\u00f3s o que o cadastrado obteve senha pessoal e intransfer\u00edvel para acesso ao Portal do Gestor.<\/p>\n<p><img fetchpriority=\"high\" decoding=\"async\" class=\"wp-image-61356 alignright\" src=\"http:\/\/deolhonocariri.com.br\/wp-content\/uploads\/2019\/01\/efn_6131-600x398.jpg\" sizes=\"(max-width: 420px) 100vw, 420px\" srcset=\"http:\/\/deolhonocariri.com.br\/wp-content\/uploads\/2019\/01\/efn_6131-600x398.jpg 600w, http:\/\/deolhonocariri.com.br\/wp-content\/uploads\/2019\/01\/efn_6131-400x265.jpg 400w, http:\/\/deolhonocariri.com.br\/wp-content\/uploads\/2019\/01\/efn_6131-768x509.jpg 768w, http:\/\/deolhonocariri.com.br\/wp-content\/uploads\/2019\/01\/efn_6131.jpg 800w\" alt=\"\" width=\"420\" height=\"279\" \/><\/p>\n<p>\u201cO que providenciamos, agora, s\u00e3o iniciativas e ferramentas para que os senhores se sintam mais seguros de suas gest\u00f5es. O que desejamos \u00e9 a a\u00e7\u00e3o pedag\u00f3gica, participativa e colaborativa, em benef\u00edcio da sociedade\u201d, disse o conselheiro Andr\u00e9 Carlo ao grupo ent\u00e3o formado, em sua maioria, por presidentes de C\u00e2maras de Vereadores.<\/p>\n<p>O coordenador do Espa\u00e7o Cidadania Digital Andr\u00e9 Agra, foi por ele apresentado aos dirigentes de \u00f3rg\u00e3os p\u00fablicos como pessoa a quem podem recorrer para o conhecimento dos programas e aplicativos eletr\u00f4nicos do TCE dispostos, igualmente, ao controle social.<\/p>\n<p>Os pain\u00e9is de Acompanhamento de Gest\u00e3o tiveram apresenta\u00e7\u00f5es repetidas, durante o dia, para os sucessivos grupos de gestores p\u00fablicos. \u201cTudo o que est\u00e1 nesta sala pode ser acessado, via telefonia celular, por cada um dos senhores\u201d, explicava Andr\u00e9 Agra. Ele se referia as ferramentas eletr\u00f4nicas a exemplo dos Pain\u00e9is de Transpar\u00eancia, Combust\u00edvel, Licita\u00e7\u00f5es, Ac\u00famulo de V\u00ednculos P\u00fablicos, Obras, Medicamentos e Insumos Farmac\u00eauticos.<\/p>\n<p><em><strong>De olho no Cariri<\/strong>\u00a0\u2013 TCE PB<\/em><\/p>\n","protected":false},"excerpt":{"rendered":"<p>O Tribunal de Contas da Para\u00edba iniciou, na manh\u00e3 desta quarta-feira (09), o cadastramento de gestores estaduais e municipais para que tenham acesso ao Sistema&hellip; <\/p>\n","protected":false},"author":1,"featured_media":80673,"comment_status":"closed","ping_status":"closed","sticky":false,"template":"","format":"standard","meta":{"sfsi_plus_gutenberg_text_before_share":"","sfsi_plus_gutenberg_show_text_before_share":"","sfsi_plus_gutenberg_icon_type":"","sfsi_plus_gutenberg_icon_alignemt":"","sfsi_plus_gutenburg_max_per_row":"","footnotes":""},"categories":[2],"tags":[],"class_list":["post-80672","post","type-post","status-publish","format-standard","has-post-thumbnail","hentry","category-geral"],"_links":{"self":[{"href":"https:\/\/www.caririemacao.com\/1\/wp-json\/wp\/v2\/posts\/80672","targetHints":{"allow":["GET"]}}],"collection":[{"href":"https:\/\/www.caririemacao.com\/1\/wp-json\/wp\/v2\/posts"}],"about":[{"href":"https:\/\/www.caririemacao.com\/1\/wp-json\/wp\/v2\/types\/post"}],"author":[{"embeddable":true,"href":"https:\/\/www.caririemacao.com\/1\/wp-json\/wp\/v2\/users\/1"}],"replies":[{"embeddable":true,"href":"https:\/\/www.caririemacao.com\/1\/wp-json\/wp\/v2\/comments?post=80672"}],"version-history":[{"count":1,"href":"https:\/\/www.caririemacao.com\/1\/wp-json\/wp\/v2\/posts\/80672\/revisions"}],"predecessor-version":[{"id":80674,"href":"https:\/\/www.caririemacao.com\/1\/wp-json\/wp\/v2\/posts\/80672\/revisions\/80674"}],"wp:featuredmedia":[{"embeddable":true,"href":"https:\/\/www.caririemacao.com\/1\/wp-json\/wp\/v2\/media\/80673"}],"wp:attachment":[{"href":"https:\/\/www.caririemacao.com\/1\/wp-json\/wp\/v2\/media?parent=80672"}],"wp:term":[{"taxonomy":"category","embeddable":true,"href":"https:\/\/www.caririemacao.com\/1\/wp-json\/wp\/v2\/categories?post=80672"},{"taxonomy":"post_tag","embeddable":true,"href":"https:\/\/www.caririemacao.com\/1\/wp-json\/wp\/v2\/tags?post=80672"}],"curies":[{"name":"wp","href":"https:\/\/api.w.org\/{rel}","templated":true}]}}