{"id":80676,"date":"2019-01-09T16:07:40","date_gmt":"2019-01-09T19:07:40","guid":{"rendered":"http:\/\/www.caririemacao.com\/1\/?p=80676"},"modified":"2019-01-09T16:07:40","modified_gmt":"2019-01-09T19:07:40","slug":"casal-sofre-acidente-proximo-a-soledade-motorista-fugiu-sem-prestar-socorro","status":"publish","type":"post","link":"https:\/\/www.caririemacao.com\/1\/2019\/01\/09\/casal-sofre-acidente-proximo-a-soledade-motorista-fugiu-sem-prestar-socorro\/","title":{"rendered":"Casal sofre acidente pr\u00f3ximo a Soledade; motorista fugiu sem prestar socorro"},"content":{"rendered":"<p>Um acidente\u00a0automobil\u00edstico ocorreu por volta\u00a0das 21h30 do \u00faltimo domingo (6) nas margens da PB 177 entre as\u00a0 cidades de\u00a0Soledade e S\u00e3o Vicente do Serid\u00f3 e\u00a0deixou um casal ferido.<\/p>\n<p>Segundo informa\u00e7\u00f5es, o casal, Batista\u00a0Oliveira Gon\u00e7alves e Paula da Silva\u00a0Santos, com uma filha de 6 anos, que residem\u00a0 em Soledade,foram para Olivedos, para assistir uma missa em\u00a0mem\u00f3ria da alma de Raimundo\u00a0 Imperiano, elebrada na igreja cat\u00f3lica\u00a0daquela cidade.<\/p>\n<p>Na volta, o ve\u00edculo modelo Fiat Uno de\u00a0cor vermelha dirigido por Batista, que\u00a0havia ido deixar um familiar no s\u00edtio\u00a0Aroeiras, estava parado na estrada vicinal que d\u00e1 acesso a comunidade rural Cachoeirinha dos\u00a0Torres,\u00a0 esperando a sua vez para pegar a rodovia, quando um Gol prata modelo 2005 de placas\u00a0MNJ \u2013 2697\/S\u00c3O VICENTE\u00a0 DO SERID\u00d3\/PB, vinha pela pista desgovernado, saiu do asfalto e\u00a0bateu violentamente no autom\u00f3vel do casal.<\/p>\n<p>O impacto foi forte fazendo com que o casal desmaiasse. O motorista do ve\u00edculo causador do acidente\u00a0que, de acordo com\u00a0 relatos, reside em S\u00e3o Vicente do Serid\u00f3, n\u00e3o prestou socorro as v\u00edtimas,\u00a0ainda teve tempo de retirar o som do seu\u00a0 carro e fugiu em seguida, vindo retirar o autom\u00f3vel do\u00a0local do acidente pela madrugada.<\/p>\n<p>Um motorista de outro ve\u00edculo que vinha logo atr\u00e1s e presenciou o acidente, parou e\u00a0telefonou para uma equipe do\u00a0 SAMU, que socorreu Batista e Paula para o Hospital de\u00a0Emerg\u00eancia e Trauma da cidade de Campina Grande.<\/p>\n<p>As v\u00edtimas deram entrada naquele centro de sa\u00fade com politraumatismos na cabe\u00e7a, mas\u00a0passaram por\u00a0 atendimento, receberam alta e j\u00e1 est\u00e3o se recuperando em casa.\u00a0A crian\u00e7a n\u00e3o ficou\u00a0 ferida.<\/p>\n<p>Paula \u00e9 professora da rede p\u00fablica nas cidades de Juazeirinho e Olivedos.<\/p>\n<p>O casal informou que vai registrar um Boletim de Ocorr\u00eancia (BO) na Delegacia de Pol\u00edcia Civil (PC)pois j\u00e1 se sabe\u00a0 quem seria o motorista causador do acidente.<\/p>\n<p>&nbsp;<\/p>\n<p>Heleno Lima<\/p>\n","protected":false},"excerpt":{"rendered":"<p>Um acidente\u00a0automobil\u00edstico ocorreu por volta\u00a0das 21h30 do \u00faltimo domingo (6) nas margens da PB 177 entre as\u00a0 cidades de\u00a0Soledade e S\u00e3o Vicente do Serid\u00f3 e\u00a0deixou&hellip; <\/p>\n","protected":false},"author":1,"featured_media":43183,"comment_status":"closed","ping_status":"closed","sticky":false,"template":"","format":"standard","meta":{"sfsi_plus_gutenberg_text_before_share":"","sfsi_plus_gutenberg_show_text_before_share":"","sfsi_plus_gutenberg_icon_type":"","sfsi_plus_gutenberg_icon_alignemt":"","sfsi_plus_gutenburg_max_per_row":"","footnotes":""},"categories":[50,12],"tags":[],"class_list":["post-80676","post","type-post","status-publish","format-standard","has-post-thumbnail","hentry","category-destaque","category-policia"],"_links":{"self":[{"href":"https:\/\/www.caririemacao.com\/1\/wp-json\/wp\/v2\/posts\/80676","targetHints":{"allow":["GET"]}}],"collection":[{"href":"https:\/\/www.caririemacao.com\/1\/wp-json\/wp\/v2\/posts"}],"about":[{"href":"https:\/\/www.caririemacao.com\/1\/wp-json\/wp\/v2\/types\/post"}],"author":[{"embeddable":true,"href":"https:\/\/www.caririemacao.com\/1\/wp-json\/wp\/v2\/users\/1"}],"replies":[{"embeddable":true,"href":"https:\/\/www.caririemacao.com\/1\/wp-json\/wp\/v2\/comments?post=80676"}],"version-history":[{"count":1,"href":"https:\/\/www.caririemacao.com\/1\/wp-json\/wp\/v2\/posts\/80676\/revisions"}],"predecessor-version":[{"id":80680,"href":"https:\/\/www.caririemacao.com\/1\/wp-json\/wp\/v2\/posts\/80676\/revisions\/80680"}],"wp:featuredmedia":[{"embeddable":true,"href":"https:\/\/www.caririemacao.com\/1\/wp-json\/wp\/v2\/media\/43183"}],"wp:attachment":[{"href":"https:\/\/www.caririemacao.com\/1\/wp-json\/wp\/v2\/media?parent=80676"}],"wp:term":[{"taxonomy":"category","embeddable":true,"href":"https:\/\/www.caririemacao.com\/1\/wp-json\/wp\/v2\/categories?post=80676"},{"taxonomy":"post_tag","embeddable":true,"href":"https:\/\/www.caririemacao.com\/1\/wp-json\/wp\/v2\/tags?post=80676"}],"curies":[{"name":"wp","href":"https:\/\/api.w.org\/{rel}","templated":true}]}}