{"id":80687,"date":"2019-01-09T17:55:15","date_gmt":"2019-01-09T20:55:15","guid":{"rendered":"http:\/\/www.caririemacao.com\/1\/?p=80687"},"modified":"2019-01-09T17:55:15","modified_gmt":"2019-01-09T20:55:15","slug":"prefeitura-de-ssu-prorroga-prazo-para-pagamento-do-boleto-do-garantia-safra","status":"publish","type":"post","link":"https:\/\/www.caririemacao.com\/1\/2019\/01\/09\/prefeitura-de-ssu-prorroga-prazo-para-pagamento-do-boleto-do-garantia-safra\/","title":{"rendered":"Prefeitura de SSU prorroga prazo para pagamento do boleto do Garantia Safra"},"content":{"rendered":"<p>A Prefeitura Municipal de S\u00e3o Sebasti\u00e3o do Umbuzeiro, atrav\u00e9s da Secretaria de Agricultura, comunica aos benefici\u00e1rios do Programa Garantia Safra que ainda n\u00e3o pegaram ou n\u00e3o pagaram o boleto, que o prazo foi prorrogado at\u00e9 o pr\u00f3ximo dia 15 de janeiro.<br \/>\nO Programa Garantia Safra \u00e9 uma a\u00e7\u00e3o do Governo Federal que garante ao agricultor familiar um benef\u00edcio financeiro por tempo indeterminado, caso perca sua safra devido ao fen\u00f4meno da estiagem ou do excesso h\u00eddrico.<\/p>\n<p>&nbsp;<\/p>\n<p>Ascom\/SSU<\/p>\n","protected":false},"excerpt":{"rendered":"<p>A Prefeitura Municipal de S\u00e3o Sebasti\u00e3o do Umbuzeiro, atrav\u00e9s da Secretaria de Agricultura, comunica aos benefici\u00e1rios do Programa Garantia Safra que ainda n\u00e3o pegaram ou&hellip; <\/p>\n","protected":false},"author":1,"featured_media":64643,"comment_status":"closed","ping_status":"closed","sticky":false,"template":"","format":"standard","meta":{"sfsi_plus_gutenberg_text_before_share":"","sfsi_plus_gutenberg_show_text_before_share":"","sfsi_plus_gutenberg_icon_type":"","sfsi_plus_gutenberg_icon_alignemt":"","sfsi_plus_gutenburg_max_per_row":"","footnotes":""},"categories":[50,2],"tags":[],"class_list":["post-80687","post","type-post","status-publish","format-standard","has-post-thumbnail","hentry","category-destaque","category-geral"],"_links":{"self":[{"href":"https:\/\/www.caririemacao.com\/1\/wp-json\/wp\/v2\/posts\/80687","targetHints":{"allow":["GET"]}}],"collection":[{"href":"https:\/\/www.caririemacao.com\/1\/wp-json\/wp\/v2\/posts"}],"about":[{"href":"https:\/\/www.caririemacao.com\/1\/wp-json\/wp\/v2\/types\/post"}],"author":[{"embeddable":true,"href":"https:\/\/www.caririemacao.com\/1\/wp-json\/wp\/v2\/users\/1"}],"replies":[{"embeddable":true,"href":"https:\/\/www.caririemacao.com\/1\/wp-json\/wp\/v2\/comments?post=80687"}],"version-history":[{"count":2,"href":"https:\/\/www.caririemacao.com\/1\/wp-json\/wp\/v2\/posts\/80687\/revisions"}],"predecessor-version":[{"id":80690,"href":"https:\/\/www.caririemacao.com\/1\/wp-json\/wp\/v2\/posts\/80687\/revisions\/80690"}],"wp:featuredmedia":[{"embeddable":true,"href":"https:\/\/www.caririemacao.com\/1\/wp-json\/wp\/v2\/media\/64643"}],"wp:attachment":[{"href":"https:\/\/www.caririemacao.com\/1\/wp-json\/wp\/v2\/media?parent=80687"}],"wp:term":[{"taxonomy":"category","embeddable":true,"href":"https:\/\/www.caririemacao.com\/1\/wp-json\/wp\/v2\/categories?post=80687"},{"taxonomy":"post_tag","embeddable":true,"href":"https:\/\/www.caririemacao.com\/1\/wp-json\/wp\/v2\/tags?post=80687"}],"curies":[{"name":"wp","href":"https:\/\/api.w.org\/{rel}","templated":true}]}}