{"id":80698,"date":"2019-01-10T08:12:18","date_gmt":"2019-01-10T11:12:18","guid":{"rendered":"http:\/\/www.caririemacao.com\/1\/?p=80698"},"modified":"2019-01-10T08:12:18","modified_gmt":"2019-01-10T11:12:18","slug":"governo-municipal-de-camalau-faz-licitacao-de-um-veiculo-para-o-distrito-do-pindurao","status":"publish","type":"post","link":"https:\/\/www.caririemacao.com\/1\/2019\/01\/10\/governo-municipal-de-camalau-faz-licitacao-de-um-veiculo-para-o-distrito-do-pindurao\/","title":{"rendered":"Governo Municipal de Camala\u00fa faz licita\u00e7\u00e3o de um ve\u00edculo para o Distrito do Pindur\u00e3o"},"content":{"rendered":"<p>O Governo Municipal de Camala\u00fa promoveu nesta quarta feira dia 09 de janeiro de 2019, licita\u00e7\u00e3o para a aquisi\u00e7\u00e3o de um ve\u00edculo para o Distrito do Pindur\u00e3o. O ve\u00edculo est\u00e1 dentro do cronograma do governo de renova\u00e7\u00e3o da frota de ve\u00edculos do munic\u00edpio, para assim atender melhor a popula\u00e7\u00e3o. J\u00e1 s\u00e3o quase 15 ve\u00edculos adquiridos em dois anos de governo.<\/p>\n<p>O ve\u00edculo ser\u00e1 usado principalmente em quest\u00f5es relacionadas com a sa\u00fade, pois servir\u00e1 principalmente no transporte de pessoas para se fazer exames e consultas.<\/p>\n<p>O carro foi um pedido da popula\u00e7\u00e3o do distrito ao prefeito Sandro M\u00f4co, e \u00e9 fruto de uma emenda do senador C\u00e1ssio Cunha Lima.<\/p>\n<p>DCS<\/p>\n","protected":false},"excerpt":{"rendered":"<p>O Governo Municipal de Camala\u00fa promoveu nesta quarta feira dia 09 de janeiro de 2019, licita\u00e7\u00e3o para a aquisi\u00e7\u00e3o de um ve\u00edculo para o Distrito&hellip; <\/p>\n","protected":false},"author":1,"featured_media":80699,"comment_status":"closed","ping_status":"closed","sticky":false,"template":"","format":"standard","meta":{"sfsi_plus_gutenberg_text_before_share":"","sfsi_plus_gutenberg_show_text_before_share":"","sfsi_plus_gutenberg_icon_type":"","sfsi_plus_gutenberg_icon_alignemt":"","sfsi_plus_gutenburg_max_per_row":"","footnotes":""},"categories":[6],"tags":[],"class_list":["post-80698","post","type-post","status-publish","format-standard","has-post-thumbnail","hentry","category-cidades"],"_links":{"self":[{"href":"https:\/\/www.caririemacao.com\/1\/wp-json\/wp\/v2\/posts\/80698","targetHints":{"allow":["GET"]}}],"collection":[{"href":"https:\/\/www.caririemacao.com\/1\/wp-json\/wp\/v2\/posts"}],"about":[{"href":"https:\/\/www.caririemacao.com\/1\/wp-json\/wp\/v2\/types\/post"}],"author":[{"embeddable":true,"href":"https:\/\/www.caririemacao.com\/1\/wp-json\/wp\/v2\/users\/1"}],"replies":[{"embeddable":true,"href":"https:\/\/www.caririemacao.com\/1\/wp-json\/wp\/v2\/comments?post=80698"}],"version-history":[{"count":1,"href":"https:\/\/www.caririemacao.com\/1\/wp-json\/wp\/v2\/posts\/80698\/revisions"}],"predecessor-version":[{"id":80700,"href":"https:\/\/www.caririemacao.com\/1\/wp-json\/wp\/v2\/posts\/80698\/revisions\/80700"}],"wp:featuredmedia":[{"embeddable":true,"href":"https:\/\/www.caririemacao.com\/1\/wp-json\/wp\/v2\/media\/80699"}],"wp:attachment":[{"href":"https:\/\/www.caririemacao.com\/1\/wp-json\/wp\/v2\/media?parent=80698"}],"wp:term":[{"taxonomy":"category","embeddable":true,"href":"https:\/\/www.caririemacao.com\/1\/wp-json\/wp\/v2\/categories?post=80698"},{"taxonomy":"post_tag","embeddable":true,"href":"https:\/\/www.caririemacao.com\/1\/wp-json\/wp\/v2\/tags?post=80698"}],"curies":[{"name":"wp","href":"https:\/\/api.w.org\/{rel}","templated":true}]}}