{"id":80707,"date":"2019-01-10T08:29:28","date_gmt":"2019-01-10T11:29:28","guid":{"rendered":"http:\/\/www.caririemacao.com\/1\/?p=80707"},"modified":"2019-01-10T08:29:28","modified_gmt":"2019-01-10T11:29:28","slug":"emenda-do-deputado-wellington-roberto-garante-ambulancia-para-o-municipio-de-prata","status":"publish","type":"post","link":"https:\/\/www.caririemacao.com\/1\/2019\/01\/10\/emenda-do-deputado-wellington-roberto-garante-ambulancia-para-o-municipio-de-prata\/","title":{"rendered":"Emenda do deputado Wellington Roberto garante ambul\u00e2ncia para o munic\u00edpio de Prata"},"content":{"rendered":"<p>A Prefeitura Municipal de Prata atrav\u00e9s\u00a0do prefeito Junior N\u00f3brega\u00a0entregou neste final de semana um\u00a0 novo ve\u00edculo para popula\u00e7\u00e3o. Trata-se de uma ambul\u00e2ncia para a UBS Boaventura Priscila Nunes de Farias.<br \/>\nA ambul\u00e2ncia foi adquirida junto ao Minist\u00e9rio da Sa\u00fade, atrav\u00e9s de emenda parlamentar do deputado federal Wellington Roberto.<\/p>\n<p>A Secret\u00e1ria de Sa\u00fade, Maria Aparecida, externou a sua satisfa\u00e7\u00e3o com mais esta conquista que ir\u00e1 beneficiar diretamente os pacientes que precisam de transporte.<\/p>\n","protected":false},"excerpt":{"rendered":"<p>A Prefeitura Municipal de Prata atrav\u00e9s\u00a0do prefeito Junior N\u00f3brega\u00a0entregou neste final de semana um\u00a0 novo ve\u00edculo para popula\u00e7\u00e3o. Trata-se de uma ambul\u00e2ncia para a UBS&hellip; <\/p>\n","protected":false},"author":1,"featured_media":80709,"comment_status":"closed","ping_status":"closed","sticky":false,"template":"","format":"standard","meta":{"sfsi_plus_gutenberg_text_before_share":"","sfsi_plus_gutenberg_show_text_before_share":"","sfsi_plus_gutenberg_icon_type":"","sfsi_plus_gutenberg_icon_alignemt":"","sfsi_plus_gutenburg_max_per_row":"","footnotes":""},"categories":[16],"tags":[],"class_list":["post-80707","post","type-post","status-publish","format-standard","has-post-thumbnail","hentry","category-saude"],"_links":{"self":[{"href":"https:\/\/www.caririemacao.com\/1\/wp-json\/wp\/v2\/posts\/80707","targetHints":{"allow":["GET"]}}],"collection":[{"href":"https:\/\/www.caririemacao.com\/1\/wp-json\/wp\/v2\/posts"}],"about":[{"href":"https:\/\/www.caririemacao.com\/1\/wp-json\/wp\/v2\/types\/post"}],"author":[{"embeddable":true,"href":"https:\/\/www.caririemacao.com\/1\/wp-json\/wp\/v2\/users\/1"}],"replies":[{"embeddable":true,"href":"https:\/\/www.caririemacao.com\/1\/wp-json\/wp\/v2\/comments?post=80707"}],"version-history":[{"count":1,"href":"https:\/\/www.caririemacao.com\/1\/wp-json\/wp\/v2\/posts\/80707\/revisions"}],"predecessor-version":[{"id":80710,"href":"https:\/\/www.caririemacao.com\/1\/wp-json\/wp\/v2\/posts\/80707\/revisions\/80710"}],"wp:featuredmedia":[{"embeddable":true,"href":"https:\/\/www.caririemacao.com\/1\/wp-json\/wp\/v2\/media\/80709"}],"wp:attachment":[{"href":"https:\/\/www.caririemacao.com\/1\/wp-json\/wp\/v2\/media?parent=80707"}],"wp:term":[{"taxonomy":"category","embeddable":true,"href":"https:\/\/www.caririemacao.com\/1\/wp-json\/wp\/v2\/categories?post=80707"},{"taxonomy":"post_tag","embeddable":true,"href":"https:\/\/www.caririemacao.com\/1\/wp-json\/wp\/v2\/tags?post=80707"}],"curies":[{"name":"wp","href":"https:\/\/api.w.org\/{rel}","templated":true}]}}