{"id":80719,"date":"2019-01-10T09:02:39","date_gmt":"2019-01-10T12:02:39","guid":{"rendered":"http:\/\/www.caririemacao.com\/1\/?p=80719"},"modified":"2019-01-10T09:02:39","modified_gmt":"2019-01-10T12:02:39","slug":"em-recife-perilima-segura-sport-em-jogo-treino-e-encerra-pre-temporada","status":"publish","type":"post","link":"https:\/\/www.caririemacao.com\/1\/2019\/01\/10\/em-recife-perilima-segura-sport-em-jogo-treino-e-encerra-pre-temporada\/","title":{"rendered":"Em Recife, Perilima segura Sport em jogo-treino e encerra pr\u00e9-temporada"},"content":{"rendered":"<p>A Desportiva Perilima encerrou sua pr\u00e9-temporada nesta quarta-feira (09), quando segurou o Sport, em pleno Centro de Treinamento do clube pernambucano, empatando em 0 a 0.<\/p>\n<div class=\"content\">\n<div id=\"attachment_557767\" class=\"wp-caption alignnone\"><img decoding=\"async\" class=\"wp-image-557767 size-medium lazyload\" data-src=\"https:\/\/paraibaonline.com.br\/wp-content\/uploads\/2019\/01\/SportxPerilima_AldoCarneiro-567x378.jpg\" data-srcset=\"https:\/\/paraibaonline.com.br\/wp-content\/uploads\/2019\/01\/SportxPerilima_AldoCarneiro-567x378.jpg 567w, https:\/\/paraibaonline.com.br\/wp-content\/uploads\/2019\/01\/SportxPerilima_AldoCarneiro-900x600.jpg 900w, https:\/\/paraibaonline.com.br\/wp-content\/uploads\/2019\/01\/SportxPerilima_AldoCarneiro.jpg 1000w\" alt=\"\" src=\"data:image\/svg+xml;base64,PHN2ZyB3aWR0aD0iMSIgaGVpZ2h0PSIxIiB4bWxucz0iaHR0cDovL3d3dy53My5vcmcvMjAwMC9zdmciPjwvc3ZnPg==\" style=\"--smush-placeholder-width: 567px; --smush-placeholder-aspect-ratio: 567\/378;\" \/><\/p>\n<p class=\"wp-caption-text\">Foto: Divulga\u00e7\u00e3o \/ Aldo Carneiro<\/p>\n<\/div>\n<p>O destaque foi o reencontro do meia Marcelinho Para\u00edba com o Le\u00e3o da Ilha e seus funcion\u00e1rios. O experiente jogador teve passagem marcante no Rubro-Negro de Recife na temporada 2010.<\/p>\n<p>Na primeira etapa, a Perilima entrou com a prov\u00e1vel equipe titular que vai estrear no Paraibano 2019 no pr\u00f3ximo s\u00e1bado, no Almeid\u00e3o, contra o Botafogo-PB.<\/p>\n<div id=\"attachment_557768\" class=\"wp-caption alignnone\"><img decoding=\"async\" class=\"wp-image-557768 size-medium lazyload\" data-src=\"https:\/\/paraibaonline.com.br\/wp-content\/uploads\/2019\/01\/SportxPerilima_Ascom-567x377.jpeg\" data-srcset=\"https:\/\/paraibaonline.com.br\/wp-content\/uploads\/2019\/01\/SportxPerilima_Ascom-567x377.jpeg 567w, https:\/\/paraibaonline.com.br\/wp-content\/uploads\/2019\/01\/SportxPerilima_Ascom-900x599.jpeg 900w, https:\/\/paraibaonline.com.br\/wp-content\/uploads\/2019\/01\/SportxPerilima_Ascom.jpeg 1024w\" alt=\"\" src=\"data:image\/svg+xml;base64,PHN2ZyB3aWR0aD0iMSIgaGVpZ2h0PSIxIiB4bWxucz0iaHR0cDovL3d3dy53My5vcmcvMjAwMC9zdmciPjwvc3ZnPg==\" style=\"--smush-placeholder-width: 567px; --smush-placeholder-aspect-ratio: 567\/377;\" \/><\/p>\n<p class=\"wp-caption-text\">Foto: Ascom \/ Perilima<\/p>\n<\/div>\n<p>J\u00e1 o Sport iniciou a atividade com uma equipe mista. No segundo tempo, o Le\u00e3o voltou com a forma\u00e7\u00e3o considerada titular, enquanto a \u00c1guia de Campina processou nove substitui\u00e7\u00f5es aos 20 minutos.<\/p>\n<\/div>\n<p>&nbsp;<\/p>\n<p>Ascom<\/p>\n","protected":false},"excerpt":{"rendered":"<p>A Desportiva Perilima encerrou sua pr\u00e9-temporada nesta quarta-feira (09), quando segurou o Sport, em pleno Centro de Treinamento do clube pernambucano, empatando em 0 a&hellip; <\/p>\n","protected":false},"author":1,"featured_media":80720,"comment_status":"closed","ping_status":"closed","sticky":false,"template":"","format":"standard","meta":{"sfsi_plus_gutenberg_text_before_share":"","sfsi_plus_gutenberg_show_text_before_share":"","sfsi_plus_gutenberg_icon_type":"","sfsi_plus_gutenberg_icon_alignemt":"","sfsi_plus_gutenburg_max_per_row":"","footnotes":""},"categories":[13],"tags":[],"class_list":["post-80719","post","type-post","status-publish","format-standard","has-post-thumbnail","hentry","category-esportes"],"_links":{"self":[{"href":"https:\/\/www.caririemacao.com\/1\/wp-json\/wp\/v2\/posts\/80719","targetHints":{"allow":["GET"]}}],"collection":[{"href":"https:\/\/www.caririemacao.com\/1\/wp-json\/wp\/v2\/posts"}],"about":[{"href":"https:\/\/www.caririemacao.com\/1\/wp-json\/wp\/v2\/types\/post"}],"author":[{"embeddable":true,"href":"https:\/\/www.caririemacao.com\/1\/wp-json\/wp\/v2\/users\/1"}],"replies":[{"embeddable":true,"href":"https:\/\/www.caririemacao.com\/1\/wp-json\/wp\/v2\/comments?post=80719"}],"version-history":[{"count":1,"href":"https:\/\/www.caririemacao.com\/1\/wp-json\/wp\/v2\/posts\/80719\/revisions"}],"predecessor-version":[{"id":80721,"href":"https:\/\/www.caririemacao.com\/1\/wp-json\/wp\/v2\/posts\/80719\/revisions\/80721"}],"wp:featuredmedia":[{"embeddable":true,"href":"https:\/\/www.caririemacao.com\/1\/wp-json\/wp\/v2\/media\/80720"}],"wp:attachment":[{"href":"https:\/\/www.caririemacao.com\/1\/wp-json\/wp\/v2\/media?parent=80719"}],"wp:term":[{"taxonomy":"category","embeddable":true,"href":"https:\/\/www.caririemacao.com\/1\/wp-json\/wp\/v2\/categories?post=80719"},{"taxonomy":"post_tag","embeddable":true,"href":"https:\/\/www.caririemacao.com\/1\/wp-json\/wp\/v2\/tags?post=80719"}],"curies":[{"name":"wp","href":"https:\/\/api.w.org\/{rel}","templated":true}]}}