{"id":80722,"date":"2019-01-10T09:04:23","date_gmt":"2019-01-10T12:04:23","guid":{"rendered":"http:\/\/www.caririemacao.com\/1\/?p=80722"},"modified":"2019-01-10T09:04:23","modified_gmt":"2019-01-10T12:04:23","slug":"votacao-para-presidencia-do-senado-sera-secreta-determina-toffoli","status":"publish","type":"post","link":"https:\/\/www.caririemacao.com\/1\/2019\/01\/10\/votacao-para-presidencia-do-senado-sera-secreta-determina-toffoli\/","title":{"rendered":"Vota\u00e7\u00e3o para presid\u00eancia do Senado ser\u00e1 secreta, determina Toffoli"},"content":{"rendered":"<p>O presidente do Supremo Tribunal Federal (STF), ministro Dias Toffoli, decidiu ontem (9) que a vota\u00e7\u00e3o para a elei\u00e7\u00e3o da nova Mesa Diretora do Senado, prevista para 1\u00ba de fevereiro, dever\u00e1 ser secreta. A decis\u00e3o foi tomada pelo ministro em fun\u00e7\u00e3o do per\u00edodo de recesso no Judici\u00e1rio.<\/p>\n<div class=\"content\">\n<p>A decis\u00e3o de Toffoli vale at\u00e9 o dia 7 de fevereiro, quando o plen\u00e1rio do STF dever\u00e1 decidir se referenda sua liminar.<\/p>\n<div id=\"attachment_557882\" class=\"wp-caption aligncenter\"><img decoding=\"async\" class=\"wp-image-557882 size-full lazyload\" data-src=\"https:\/\/paraibaonline.com.br\/wp-content\/uploads\/2019\/01\/toffoli1001.jpg\" data-srcset=\"https:\/\/paraibaonline.com.br\/wp-content\/uploads\/2019\/01\/toffoli1001.jpg 1024w, https:\/\/paraibaonline.com.br\/wp-content\/uploads\/2019\/01\/toffoli1001-567x378.jpg 567w, https:\/\/paraibaonline.com.br\/wp-content\/uploads\/2019\/01\/toffoli1001-900x600.jpg 900w\" alt=\"Valter Campanato\/Ag\u00eancia Brasil\" src=\"data:image\/svg+xml;base64,PHN2ZyB3aWR0aD0iMSIgaGVpZ2h0PSIxIiB4bWxucz0iaHR0cDovL3d3dy53My5vcmcvMjAwMC9zdmciPjwvc3ZnPg==\" \/><\/p>\n<p class=\"wp-caption-text\">Foto: Valter Campanato\/Ag\u00eancia Brasil<\/p>\n<\/div>\n<p>Na decis\u00e3o, o presidente aceitou o recurso protocolado pelo SD e MDB, al\u00e9m da advocacia do Senado, para derrubar a decis\u00e3o proferida pelo ministro Marco Aur\u00e9lio, que, no dia 19 de dezembro, antes do in\u00edcio do recesso, aceitou um mandado de seguran\u00e7a do senador Lasier Martins (PSD-RS) para determinar que a vota\u00e7\u00e3o seja feita de forma aberta.<\/p>\n<p>A vota\u00e7\u00e3o secreta est\u00e1 prevista no Regimento Interno do Senado, no entanto, Marco Aur\u00e9lio entendeu que a regra \u00e9 inconstitucional.<\/p>\n<p>\u201cO princ\u00edpio da publicidade das delibera\u00e7\u00f5es do Senado \u00e9 a regra, correndo as exce\u00e7\u00f5es \u00e0 conta de situa\u00e7\u00f5es excepcionais, taxativamente especificadas no texto constitucional\u201d, escreveu o ministro.<\/p>\n<p>Ao derrubar a decis\u00e3o de Marco Aur\u00e9lio, Toffoli entendeu que regra prevista no regimento interno da Casa, que determina a vota\u00e7\u00e3o secreta, deve prevalecer.<\/p>\n<p>\u201cNoto que a modifica\u00e7\u00e3o para a elei\u00e7\u00e3o vindoura, por meio de decis\u00e3o monocr\u00e1tica, sem a possibilidade de an\u00e1lise pelo Plen\u00e1rio da Corte (tendo em vista o recesso judici\u00e1rio), implicaria em modifica\u00e7\u00e3o repentina da forma como a elei\u00e7\u00e3o da mesa diretiva regimentalmente vem se realizando ao longo dos anos naquela Casa; ao passo em que a manuten\u00e7\u00e3o da regra regimental permite a continuidade dos trabalhos diretivos da Casa Legislativa nos moldes definidos por aquele Poder\u201d, decidiu o presidente do STF.<\/p>\n<p>Mais cedo, em outra decis\u00e3o, Toffoli decidiu manter vota\u00e7\u00e3o secreta para a elei\u00e7\u00e3o da\u00a0presid\u00eancia da C\u00e2mara, tamb\u00e9m prevista para 1\u00ba de fevereiro.<\/p>\n<p>O ministro rejeitou mandado de seguran\u00e7a protocolado pelo deputado federal eleito Kim Kataguiri (DEM-SP), que defendeu que a vota\u00e7\u00e3o dos parlamentares para eleger novo presidente da Casa fosse aberta.<\/p>\n<\/div>\n<p>EBC<\/p>\n","protected":false},"excerpt":{"rendered":"<p>O presidente do Supremo Tribunal Federal (STF), ministro Dias Toffoli, decidiu ontem (9) que a vota\u00e7\u00e3o para a elei\u00e7\u00e3o da nova Mesa Diretora do Senado,&hellip; <\/p>\n","protected":false},"author":1,"featured_media":71113,"comment_status":"closed","ping_status":"closed","sticky":false,"template":"","format":"standard","meta":{"sfsi_plus_gutenberg_text_before_share":"","sfsi_plus_gutenberg_show_text_before_share":"","sfsi_plus_gutenberg_icon_type":"","sfsi_plus_gutenberg_icon_alignemt":"","sfsi_plus_gutenburg_max_per_row":"","footnotes":""},"categories":[11],"tags":[],"class_list":["post-80722","post","type-post","status-publish","format-standard","has-post-thumbnail","hentry","category-politica"],"_links":{"self":[{"href":"https:\/\/www.caririemacao.com\/1\/wp-json\/wp\/v2\/posts\/80722","targetHints":{"allow":["GET"]}}],"collection":[{"href":"https:\/\/www.caririemacao.com\/1\/wp-json\/wp\/v2\/posts"}],"about":[{"href":"https:\/\/www.caririemacao.com\/1\/wp-json\/wp\/v2\/types\/post"}],"author":[{"embeddable":true,"href":"https:\/\/www.caririemacao.com\/1\/wp-json\/wp\/v2\/users\/1"}],"replies":[{"embeddable":true,"href":"https:\/\/www.caririemacao.com\/1\/wp-json\/wp\/v2\/comments?post=80722"}],"version-history":[{"count":1,"href":"https:\/\/www.caririemacao.com\/1\/wp-json\/wp\/v2\/posts\/80722\/revisions"}],"predecessor-version":[{"id":80723,"href":"https:\/\/www.caririemacao.com\/1\/wp-json\/wp\/v2\/posts\/80722\/revisions\/80723"}],"wp:featuredmedia":[{"embeddable":true,"href":"https:\/\/www.caririemacao.com\/1\/wp-json\/wp\/v2\/media\/71113"}],"wp:attachment":[{"href":"https:\/\/www.caririemacao.com\/1\/wp-json\/wp\/v2\/media?parent=80722"}],"wp:term":[{"taxonomy":"category","embeddable":true,"href":"https:\/\/www.caririemacao.com\/1\/wp-json\/wp\/v2\/categories?post=80722"},{"taxonomy":"post_tag","embeddable":true,"href":"https:\/\/www.caririemacao.com\/1\/wp-json\/wp\/v2\/tags?post=80722"}],"curies":[{"name":"wp","href":"https:\/\/api.w.org\/{rel}","templated":true}]}}