{"id":80729,"date":"2019-01-10T09:15:42","date_gmt":"2019-01-10T12:15:42","guid":{"rendered":"http:\/\/www.caririemacao.com\/1\/?p=80729"},"modified":"2019-01-10T09:15:42","modified_gmt":"2019-01-10T12:15:42","slug":"apam-realiza-campanha-sobre-saude-mental-dos-advogados","status":"publish","type":"post","link":"https:\/\/www.caririemacao.com\/1\/2019\/01\/10\/apam-realiza-campanha-sobre-saude-mental-dos-advogados\/","title":{"rendered":"Apam realiza campanha sobre sa\u00fade mental dos advogados"},"content":{"rendered":"<p>A Associa\u00e7\u00e3o Paraibana de Advocacia Municipalista (Apam) iniciou uma campanha nas redes sociais sobre a sa\u00fade mental dos advogados dentro do Janeiro Branco. De acordo com a Associa\u00e7\u00e3o Americana de Psicologia, os advogados, bem como ju\u00edzes e promotores, sofrem de depress\u00e3o 3,6 vezes mais do que n\u00e3o advogados. O transtorno de ansiedade generalizada, transtorno obsessivo compulsivo e burnout, que al\u00e9m de doen\u00e7as graves, tamb\u00e9m s\u00e3o causas muito prov\u00e1veis de suic\u00eddio na categoria.<\/p>\n<p>A campanha \u00e9 intitulado Janeiro Branco \u2013 cuidar de si, para cuidar do direito dos outros. Durante todo o m\u00eas, a Apam falar\u00e1 sobre a tem\u00e1tica, mostrando o problema e como identificar, falando sobre o tratamento e indicando quem procurar.<\/p>\n<figure><img decoding=\"async\" data-src=\"https:\/\/www.clickpb.com.br\/media\/filer_public\/60\/9c\/609ce2b5-fb73-41c6-9631-4253935e9bba\/apam.jpeg\" data-image=\"110097\" src=\"data:image\/svg+xml;base64,PHN2ZyB3aWR0aD0iMSIgaGVpZ2h0PSIxIiB4bWxucz0iaHR0cDovL3d3dy53My5vcmcvMjAwMC9zdmciPjwvc3ZnPg==\" class=\"lazyload\" \/><\/figure>\n<p>\u201cA rela\u00e7\u00e3o profissional que enfrentamos diariamente de disputa, de desgaste f\u00edsico e mental, de muito estudo aliada ao desrespeito que a profiss\u00e3o vem sofrendo, nos imp\u00f5e uma reflex\u00e3o e uma aten\u00e7\u00e3o especial por parte da Apam. Temos vivido dias dif\u00edceis na nossa profiss\u00e3o e sei que isso afeta diretamente a nossa sa\u00fade mental. Aqui fica o nosso alerta para todos os companheiros. Estamos sempre prontos para a ajudar todos e por isso desenvolvemos essa campanha de alerta\u201d, disse o presidente da Apam, Marco Villar.<\/p>\n<p>De acordo com a Cartilha da Sa\u00fade Mental elaborada pela Ordem dos Advogados do Brasil (OAB), o quadro de ansiedade generalizada caracteriza-se pela presen\u00e7a de sintomas ansiosos excessivos, na maior parte dos dias, por pelo menos seis meses. A ang\u00fastia, tens\u00e3o, preocupa\u00e7\u00e3o, nervosismo ou irrita\u00e7\u00e3o. S\u00e3o frequentes os sintomas como ins\u00f4nia, dificuldade em relaxar, cansa\u00e7o f\u00e1cil, tens\u00e3o muscular, ang\u00fastia constante, irritabilidade aumentada e dificuldade em concentrar-se.<\/p>\n<p>S\u00e3o tamb\u00e9m comuns sintomas f\u00edsicos como cefaleia, dores musculares, dores ou queima\u00e7\u00e3o no est\u00f4mago, taquicardia, tontura, formigamento e sudorese fria. Nessa s\u00edndrome, os sintomas t\u00eam alto potencial para causar sofrimento significativo e prejudicar a vida social e ocupacional do indiv\u00edduo. Um sentimento de vergonha pode aumentar a ansiedade \u2013 \u201cos outros perceber\u00e3o que estou assustado\u201d.<\/p>\n","protected":false},"excerpt":{"rendered":"<p>A Associa\u00e7\u00e3o Paraibana de Advocacia Municipalista (Apam) iniciou uma campanha nas redes sociais sobre a sa\u00fade mental dos advogados dentro do Janeiro Branco. De acordo&hellip; <\/p>\n","protected":false},"author":1,"featured_media":80730,"comment_status":"closed","ping_status":"closed","sticky":false,"template":"","format":"standard","meta":{"sfsi_plus_gutenberg_text_before_share":"","sfsi_plus_gutenberg_show_text_before_share":"","sfsi_plus_gutenberg_icon_type":"","sfsi_plus_gutenberg_icon_alignemt":"","sfsi_plus_gutenburg_max_per_row":"","footnotes":""},"categories":[16],"tags":[],"class_list":["post-80729","post","type-post","status-publish","format-standard","has-post-thumbnail","hentry","category-saude"],"_links":{"self":[{"href":"https:\/\/www.caririemacao.com\/1\/wp-json\/wp\/v2\/posts\/80729","targetHints":{"allow":["GET"]}}],"collection":[{"href":"https:\/\/www.caririemacao.com\/1\/wp-json\/wp\/v2\/posts"}],"about":[{"href":"https:\/\/www.caririemacao.com\/1\/wp-json\/wp\/v2\/types\/post"}],"author":[{"embeddable":true,"href":"https:\/\/www.caririemacao.com\/1\/wp-json\/wp\/v2\/users\/1"}],"replies":[{"embeddable":true,"href":"https:\/\/www.caririemacao.com\/1\/wp-json\/wp\/v2\/comments?post=80729"}],"version-history":[{"count":1,"href":"https:\/\/www.caririemacao.com\/1\/wp-json\/wp\/v2\/posts\/80729\/revisions"}],"predecessor-version":[{"id":80731,"href":"https:\/\/www.caririemacao.com\/1\/wp-json\/wp\/v2\/posts\/80729\/revisions\/80731"}],"wp:featuredmedia":[{"embeddable":true,"href":"https:\/\/www.caririemacao.com\/1\/wp-json\/wp\/v2\/media\/80730"}],"wp:attachment":[{"href":"https:\/\/www.caririemacao.com\/1\/wp-json\/wp\/v2\/media?parent=80729"}],"wp:term":[{"taxonomy":"category","embeddable":true,"href":"https:\/\/www.caririemacao.com\/1\/wp-json\/wp\/v2\/categories?post=80729"},{"taxonomy":"post_tag","embeddable":true,"href":"https:\/\/www.caririemacao.com\/1\/wp-json\/wp\/v2\/tags?post=80729"}],"curies":[{"name":"wp","href":"https:\/\/api.w.org\/{rel}","templated":true}]}}