{"id":80741,"date":"2019-01-10T10:27:48","date_gmt":"2019-01-10T13:27:48","guid":{"rendered":"http:\/\/www.caririemacao.com\/1\/?p=80741"},"modified":"2019-01-10T10:27:48","modified_gmt":"2019-01-10T13:27:48","slug":"litro-do-diesel-sobe-e-esta-mais-caro-nas-refinarias-nesta-quinta","status":"publish","type":"post","link":"https:\/\/www.caririemacao.com\/1\/2019\/01\/10\/litro-do-diesel-sobe-e-esta-mais-caro-nas-refinarias-nesta-quinta\/","title":{"rendered":"Litro do diesel sobe e est\u00e1 mais caro nas refinarias nesta quinta"},"content":{"rendered":"<p>O litro do diesel negociado hoje (10) nas refinarias est\u00e1 mais caro. De acordo com a Petrobras, o pre\u00e7o do combust\u00edvel passou de R$ 1,8545 para R$ 1,9009. O diesel n\u00e3o aumentava desde 1\u00b0 de Janeiro, quando subiu de R$ 1,8088 para R$ 1,8545.<\/p>\n<p>No fim de dezembro, a Petrobras anunciou a aprova\u00e7\u00e3o de mecanismo financeiro de prote\u00e7\u00e3o complementar \u00e0 pol\u00edtica de pre\u00e7os do diesel. Segundo a empresa, o mecanismo\u00a0 objetiva permitir a op\u00e7\u00e3o de adotar per\u00edodos de estabilidade no pre\u00e7o do produto por prazos curtos, em at\u00e9 sete dias consecutivos, em momentos em que houver forte oscila\u00e7\u00e3o nas cota\u00e7\u00f5es internacionais do derivado e do c\u00e2mbio. O mecanismo de prote\u00e7\u00e3o j\u00e1 existe para a gasolina.<\/p>\n<p>A estatal vai definir o momento de aplica\u00e7\u00e3o do mecanismo ao produto, quando for registrada elevada volatilidade. \u201cO objetivo \u00e9 evitar uma eventual alta volatilidade em per\u00edodos curtos de tempo, como a provocada pela passagem de furac\u00f5es no Golfo do M\u00e9xico\u201d, destacou a Petrobras.<\/p>\n<p>A empresa Informou tamb\u00e9m que isso ser\u00e1 feito \u201csem abrir m\u00e3o da paridade dos pre\u00e7os internacionais, o instrumento derivativo, a ser aplicado por n\u00e3o mais do que sete dias consecutivos, permitir\u00e1 \u00e0 empresa obter um resultado financeiro equivalente ao que alcan\u00e7a com a pr\u00e1tica de reajustes di\u00e1rios\u201d.<\/p>\n<p>A Petrobras ressaltou que o pre\u00e7o do diesel se refere ao produto que \u00e9 vendido nas refinarias para as distribuidoras e representa apenas uma parcela do valor do combust\u00edvel vendido nos postos ao consumidor final. Na composi\u00e7\u00e3o de pre\u00e7os ao consumidor entram ainda o custo do biodiesel, os tributos e as margens de distribuidoras e revendedores.<\/p>\n","protected":false},"excerpt":{"rendered":"<p>O litro do diesel negociado hoje (10) nas refinarias est\u00e1 mais caro. De acordo com a Petrobras, o pre\u00e7o do combust\u00edvel passou de R$ 1,8545&hellip; <\/p>\n","protected":false},"author":1,"featured_media":80742,"comment_status":"closed","ping_status":"closed","sticky":false,"template":"","format":"standard","meta":{"sfsi_plus_gutenberg_text_before_share":"","sfsi_plus_gutenberg_show_text_before_share":"","sfsi_plus_gutenberg_icon_type":"","sfsi_plus_gutenberg_icon_alignemt":"","sfsi_plus_gutenburg_max_per_row":"","footnotes":""},"categories":[2],"tags":[],"class_list":["post-80741","post","type-post","status-publish","format-standard","has-post-thumbnail","hentry","category-geral"],"_links":{"self":[{"href":"https:\/\/www.caririemacao.com\/1\/wp-json\/wp\/v2\/posts\/80741","targetHints":{"allow":["GET"]}}],"collection":[{"href":"https:\/\/www.caririemacao.com\/1\/wp-json\/wp\/v2\/posts"}],"about":[{"href":"https:\/\/www.caririemacao.com\/1\/wp-json\/wp\/v2\/types\/post"}],"author":[{"embeddable":true,"href":"https:\/\/www.caririemacao.com\/1\/wp-json\/wp\/v2\/users\/1"}],"replies":[{"embeddable":true,"href":"https:\/\/www.caririemacao.com\/1\/wp-json\/wp\/v2\/comments?post=80741"}],"version-history":[{"count":1,"href":"https:\/\/www.caririemacao.com\/1\/wp-json\/wp\/v2\/posts\/80741\/revisions"}],"predecessor-version":[{"id":80743,"href":"https:\/\/www.caririemacao.com\/1\/wp-json\/wp\/v2\/posts\/80741\/revisions\/80743"}],"wp:featuredmedia":[{"embeddable":true,"href":"https:\/\/www.caririemacao.com\/1\/wp-json\/wp\/v2\/media\/80742"}],"wp:attachment":[{"href":"https:\/\/www.caririemacao.com\/1\/wp-json\/wp\/v2\/media?parent=80741"}],"wp:term":[{"taxonomy":"category","embeddable":true,"href":"https:\/\/www.caririemacao.com\/1\/wp-json\/wp\/v2\/categories?post=80741"},{"taxonomy":"post_tag","embeddable":true,"href":"https:\/\/www.caririemacao.com\/1\/wp-json\/wp\/v2\/tags?post=80741"}],"curies":[{"name":"wp","href":"https:\/\/api.w.org\/{rel}","templated":true}]}}