{"id":80749,"date":"2019-01-10T10:39:08","date_gmt":"2019-01-10T13:39:08","guid":{"rendered":"http:\/\/www.caririemacao.com\/1\/?p=80749"},"modified":"2019-01-10T10:39:08","modified_gmt":"2019-01-10T13:39:08","slug":"raquel-dodge-pede-ao-supremo-retomada-de-investigacao-sobre-ministro-do-tcu","status":"publish","type":"post","link":"https:\/\/www.caririemacao.com\/1\/2019\/01\/10\/raquel-dodge-pede-ao-supremo-retomada-de-investigacao-sobre-ministro-do-tcu\/","title":{"rendered":"Raquel Dodge pede ao Supremo retomada de investiga\u00e7\u00e3o sobre ministro do TCU"},"content":{"rendered":"<p>A procuradora-geral da Rep\u00fablica, Raquel Dodge, pediu nessa quarta-feira (9)\u00a0ao Supremo Tribunal Federal (STF) que seja retomada uma investiga\u00e7\u00e3o contra o ministro do Tribunal de Contas da Uni\u00e3o (TCU) Augusto Nardes.<\/p>\n<div class=\"content\">\n<div id=\"attachment_557932\" class=\"wp-caption aligncenter\"><img decoding=\"async\" class=\"wp-image-557932 size-full lazyload\" data-src=\"https:\/\/paraibaonline.com.br\/wp-content\/uploads\/2019\/01\/augusto-nardes1001.jpg\" data-srcset=\"https:\/\/paraibaonline.com.br\/wp-content\/uploads\/2019\/01\/augusto-nardes1001.jpg 1024w, https:\/\/paraibaonline.com.br\/wp-content\/uploads\/2019\/01\/augusto-nardes1001-567x378.jpg 567w, https:\/\/paraibaonline.com.br\/wp-content\/uploads\/2019\/01\/augusto-nardes1001-900x600.jpg 900w\" alt=\"T\u00e2nia R\u00eago\/Ag\u00eancia Brasil\" src=\"data:image\/svg+xml;base64,PHN2ZyB3aWR0aD0iMSIgaGVpZ2h0PSIxIiB4bWxucz0iaHR0cDovL3d3dy53My5vcmcvMjAwMC9zdmciPjwvc3ZnPg==\" \/><\/p>\n<p class=\"wp-caption-text\">Foto: T\u00e2nia R\u00eago\/Ag\u00eancia Brasil<\/p>\n<\/div>\n<p>De acordo com a PGR, o processo, que corre em segredo de justi\u00e7a, apura se Nardes se valeu do cargo para a obten\u00e7\u00e3o de vantagens il\u00edcitas.<\/p>\n<p>Um inqu\u00e9rito sobre o caso foi aberto em mar\u00e7o de 2018, com base em depoimentos de colaboradores.<\/p>\n<p>Segundo Raquel Dodge, entretanto, desde setembro uma peti\u00e7\u00e3o do Minist\u00e9rio P\u00fablico Federal (MPF) no processo aguarda resposta.<\/p>\n<p>A procuradora destacou que dilig\u00eancias policiais j\u00e1 realizadas confirmaram afirma\u00e7\u00f5es dos colaboradores e que h\u00e1 \u201celementos probat\u00f3rios robustos\u201d, segundo nota divulgada pela PGR.<\/p>\n<p>Na manifesta\u00e7\u00e3o encaminhada ao STF, ela diz que \u201co completo esclarecimento dos fatos ainda demanda novas dilig\u00eancias, e, assim, a continuidade das investiga\u00e7\u00f5es se apresenta necess\u00e1ria\u201d.<\/p>\n<p>A defesa de Nardes tem negado qualquer irregularidade e diz estar dispon\u00edvel para qualquer esclarecimento.<\/p>\n<\/div>\n<p>&nbsp;<\/p>\n<p>Ag\u00eancia Brasil<\/p>\n","protected":false},"excerpt":{"rendered":"<p>A procuradora-geral da Rep\u00fablica, Raquel Dodge, pediu nessa quarta-feira (9)\u00a0ao Supremo Tribunal Federal (STF) que seja retomada uma investiga\u00e7\u00e3o contra o ministro do Tribunal de&hellip; <\/p>\n","protected":false},"author":1,"featured_media":80750,"comment_status":"closed","ping_status":"closed","sticky":false,"template":"","format":"standard","meta":{"sfsi_plus_gutenberg_text_before_share":"","sfsi_plus_gutenberg_show_text_before_share":"","sfsi_plus_gutenberg_icon_type":"","sfsi_plus_gutenberg_icon_alignemt":"","sfsi_plus_gutenburg_max_per_row":"","footnotes":""},"categories":[11],"tags":[],"class_list":["post-80749","post","type-post","status-publish","format-standard","has-post-thumbnail","hentry","category-politica"],"_links":{"self":[{"href":"https:\/\/www.caririemacao.com\/1\/wp-json\/wp\/v2\/posts\/80749","targetHints":{"allow":["GET"]}}],"collection":[{"href":"https:\/\/www.caririemacao.com\/1\/wp-json\/wp\/v2\/posts"}],"about":[{"href":"https:\/\/www.caririemacao.com\/1\/wp-json\/wp\/v2\/types\/post"}],"author":[{"embeddable":true,"href":"https:\/\/www.caririemacao.com\/1\/wp-json\/wp\/v2\/users\/1"}],"replies":[{"embeddable":true,"href":"https:\/\/www.caririemacao.com\/1\/wp-json\/wp\/v2\/comments?post=80749"}],"version-history":[{"count":1,"href":"https:\/\/www.caririemacao.com\/1\/wp-json\/wp\/v2\/posts\/80749\/revisions"}],"predecessor-version":[{"id":80751,"href":"https:\/\/www.caririemacao.com\/1\/wp-json\/wp\/v2\/posts\/80749\/revisions\/80751"}],"wp:featuredmedia":[{"embeddable":true,"href":"https:\/\/www.caririemacao.com\/1\/wp-json\/wp\/v2\/media\/80750"}],"wp:attachment":[{"href":"https:\/\/www.caririemacao.com\/1\/wp-json\/wp\/v2\/media?parent=80749"}],"wp:term":[{"taxonomy":"category","embeddable":true,"href":"https:\/\/www.caririemacao.com\/1\/wp-json\/wp\/v2\/categories?post=80749"},{"taxonomy":"post_tag","embeddable":true,"href":"https:\/\/www.caririemacao.com\/1\/wp-json\/wp\/v2\/tags?post=80749"}],"curies":[{"name":"wp","href":"https:\/\/api.w.org\/{rel}","templated":true}]}}