{"id":80758,"date":"2019-01-10T11:03:53","date_gmt":"2019-01-10T14:03:53","guid":{"rendered":"http:\/\/www.caririemacao.com\/1\/?p=80758"},"modified":"2019-01-10T11:03:53","modified_gmt":"2019-01-10T14:03:53","slug":"educacao-de-caraubas-realiza-matriculas-da-rede-publica-municipal","status":"publish","type":"post","link":"https:\/\/www.caririemacao.com\/1\/2019\/01\/10\/educacao-de-caraubas-realiza-matriculas-da-rede-publica-municipal\/","title":{"rendered":"EDUCA\u00c7\u00c3O DE CARA\u00daBAS REALIZA MATR\u00cdCULAS DA REDE P\u00daBLICA MUNICIPAL"},"content":{"rendered":"<div>A Secretaria da Educa\u00e7\u00e3o da Prefeitura Municipal de Cara\u00fabas iniciou desde o \u00faltimo dia 2 de Janeiro do corrente a matr\u00edcula para alunos da rede p\u00fablica municipal. De acordo com o calend\u00e1rio elaborado pela secretaria as matr\u00edculas ser\u00e3o realizadas no per\u00edodo de 2 a 25 de Janeiro de 2019, obedecendo ao cronograma estabelecido para o ano letivo.<\/div>\n<div>A nova secret\u00e1ria da Educa\u00e7\u00e3o, Rhayanne Soraynne Fernandes, adiantou que haver\u00e1 vagas para todos os interessados em participar da rede p\u00fablica municipal, bem como, haver\u00e1 a garantia da distribui\u00e7\u00e3o de fardamento e material escolar gratuitamente a todos os alunos que fizerem parte da rede municipal de ensino.<\/div>\n<div>A grande novidade para este ano ser\u00e1 a climatiza\u00e7\u00e3o das salas de aula das escolas municipais, Alice Jorge da Silva, Jo\u00e3o Jos\u00e9 de Alc\u00e2ntara, Emiliano Pereira e a creche S\u00e3o Pedro.\u00a0 O prefeito Silvano Dudu n\u00e3o medindo esfor\u00e7os conseguir\u00e1 realizar o sonho de centenas de crian\u00e7as e jovens adolescentes, estudantes da rede p\u00fablica municipal que sempre reclamavam do forte calor em per\u00edodo de ver\u00e3o. A promessa est\u00e1 se concretizando, pois, no pr\u00f3ximo dia 18\/01, j\u00e1 ser\u00e1 realizado o processo licitat\u00f3rio para aquisi\u00e7\u00e3o do sistema de climatiza\u00e7\u00e3o dessas unidades. Transformar nossa educa\u00e7\u00e3o em uma educa\u00e7\u00e3o de primeiro mundo, continuar\u00e1 sendo a meta implantada pela atual gest\u00e3o, aprimorando a infraestrutura f\u00edsica das escolas e garantindo merenda de qualidade a todos os alunos, afirmou a secret\u00e1ria.<\/div>\n<div>Ser\u00e3o investidos recursos na ordem de mais de R$ 55.000,00 (Cinquenta e Cinco Mil Reais) com a aquisi\u00e7\u00e3o de 19 (dezenove) ar condicionado de 18000BTUs oriundos do Fundo Nacional de Desenvolvimento da Educa\u00e7\u00e3o \u2013 FNDE.<\/div>\n<div>Ainda de acordo com o calend\u00e1rio de matr\u00edculas no dia 08, no per\u00edodo matutino foram realizadas as matr\u00edculas dos interessados a estudarem na Escola Municipal Jo\u00e3o Jos\u00e9 de Alc\u00e2ntara e Amaro Vicente, ambas podendo ser feitas no Distrito de Barreiras. J\u00e1 no dia 09\/01, ser\u00e1 a vez das matr\u00edculas nas escolas Jo\u00e3o Ant\u00f4nio de Souza e Joaquim Galdino, na comunidade da Passagem.<\/div>\n<div>No dia 10\/01, ser\u00e3o efetuadas matr\u00edculas na Escola S\u00f3ter Correia Neves, na comunidade de Campos e no dia 11\/01, acontecem as matr\u00edculas para os alunos que ir\u00e3o estudar na Escola Emiliano Pereira, na comunidade de Salgadinho e Curralinho.<\/div>\n<div>Lembrando que as matr\u00edculas ser\u00e3o sempre realizadas no turno da manh\u00e3, mediante apresenta\u00e7\u00e3o dos pais ou respons\u00e1veis e munidos de toda documenta\u00e7\u00e3o pessoal do aluno, alertou a nova secret\u00e1ria da Educa\u00e7\u00e3o. Ap\u00f3s esse per\u00edodo s\u00f3 ser\u00e3o efetuadas matr\u00edculas para qualquer unidade de ensino do munic\u00edpio na sede da Secretaria da Educa\u00e7\u00e3o, avisa Rhayanne Fernandes.<\/div>\n<div><\/div>\n<div><\/div>\n<div><b>SEPLACOM<\/b><\/div>\n","protected":false},"excerpt":{"rendered":"<p>A Secretaria da Educa\u00e7\u00e3o da Prefeitura Municipal de Cara\u00fabas iniciou desde o \u00faltimo dia 2 de Janeiro do corrente a matr\u00edcula para alunos da rede&hellip; <\/p>\n","protected":false},"author":1,"featured_media":80759,"comment_status":"closed","ping_status":"closed","sticky":false,"template":"","format":"standard","meta":{"sfsi_plus_gutenberg_text_before_share":"","sfsi_plus_gutenberg_show_text_before_share":"","sfsi_plus_gutenberg_icon_type":"","sfsi_plus_gutenberg_icon_alignemt":"","sfsi_plus_gutenburg_max_per_row":"","footnotes":""},"categories":[14],"tags":[],"class_list":["post-80758","post","type-post","status-publish","format-standard","has-post-thumbnail","hentry","category-educacao"],"_links":{"self":[{"href":"https:\/\/www.caririemacao.com\/1\/wp-json\/wp\/v2\/posts\/80758","targetHints":{"allow":["GET"]}}],"collection":[{"href":"https:\/\/www.caririemacao.com\/1\/wp-json\/wp\/v2\/posts"}],"about":[{"href":"https:\/\/www.caririemacao.com\/1\/wp-json\/wp\/v2\/types\/post"}],"author":[{"embeddable":true,"href":"https:\/\/www.caririemacao.com\/1\/wp-json\/wp\/v2\/users\/1"}],"replies":[{"embeddable":true,"href":"https:\/\/www.caririemacao.com\/1\/wp-json\/wp\/v2\/comments?post=80758"}],"version-history":[{"count":1,"href":"https:\/\/www.caririemacao.com\/1\/wp-json\/wp\/v2\/posts\/80758\/revisions"}],"predecessor-version":[{"id":80760,"href":"https:\/\/www.caririemacao.com\/1\/wp-json\/wp\/v2\/posts\/80758\/revisions\/80760"}],"wp:featuredmedia":[{"embeddable":true,"href":"https:\/\/www.caririemacao.com\/1\/wp-json\/wp\/v2\/media\/80759"}],"wp:attachment":[{"href":"https:\/\/www.caririemacao.com\/1\/wp-json\/wp\/v2\/media?parent=80758"}],"wp:term":[{"taxonomy":"category","embeddable":true,"href":"https:\/\/www.caririemacao.com\/1\/wp-json\/wp\/v2\/categories?post=80758"},{"taxonomy":"post_tag","embeddable":true,"href":"https:\/\/www.caririemacao.com\/1\/wp-json\/wp\/v2\/tags?post=80758"}],"curies":[{"name":"wp","href":"https:\/\/api.w.org\/{rel}","templated":true}]}}