{"id":80761,"date":"2019-01-10T13:19:27","date_gmt":"2019-01-10T16:19:27","guid":{"rendered":"http:\/\/www.caririemacao.com\/1\/?p=80761"},"modified":"2019-01-10T13:19:27","modified_gmt":"2019-01-10T16:19:27","slug":"jovem-monteirense-sofre-acidente-proximo-a-cidade-da-prata","status":"publish","type":"post","link":"https:\/\/www.caririemacao.com\/1\/2019\/01\/10\/jovem-monteirense-sofre-acidente-proximo-a-cidade-da-prata\/","title":{"rendered":"Jovem Monteirense sofre acidente pr\u00f3ximo \u00e0 cidade da prata"},"content":{"rendered":"<p>Nas primeiras horas desta quinta-feira (10), a jovem An\u00e1lia seguia viagem quando se distraiu ao pegar algo no banco do passageiro do ve\u00edculo que conduzia, quando ao perceber tinha uma curva na rodovia PB-250 e chegou a perder o controle do ve\u00edculo e sobrou.<br \/>\nA jovem teve ferimentos leves e passa bem.<br \/>\nA perdas foram apenas de bens materiais.<\/p>\n<p>&nbsp;<\/p>\n<p>&nbsp;<\/p>\n<p><strong>HORA1PB<\/strong><\/p>\n","protected":false},"excerpt":{"rendered":"<p>Nas primeiras horas desta quinta-feira (10), a jovem An\u00e1lia seguia viagem quando se distraiu ao pegar algo no banco do passageiro do ve\u00edculo que conduzia,&hellip; <\/p>\n","protected":false},"author":1,"featured_media":80762,"comment_status":"closed","ping_status":"closed","sticky":false,"template":"","format":"standard","meta":{"sfsi_plus_gutenberg_text_before_share":"","sfsi_plus_gutenberg_show_text_before_share":"","sfsi_plus_gutenberg_icon_type":"","sfsi_plus_gutenberg_icon_alignemt":"","sfsi_plus_gutenburg_max_per_row":"","footnotes":""},"categories":[50,12],"tags":[],"class_list":["post-80761","post","type-post","status-publish","format-standard","has-post-thumbnail","hentry","category-destaque","category-policia"],"_links":{"self":[{"href":"https:\/\/www.caririemacao.com\/1\/wp-json\/wp\/v2\/posts\/80761","targetHints":{"allow":["GET"]}}],"collection":[{"href":"https:\/\/www.caririemacao.com\/1\/wp-json\/wp\/v2\/posts"}],"about":[{"href":"https:\/\/www.caririemacao.com\/1\/wp-json\/wp\/v2\/types\/post"}],"author":[{"embeddable":true,"href":"https:\/\/www.caririemacao.com\/1\/wp-json\/wp\/v2\/users\/1"}],"replies":[{"embeddable":true,"href":"https:\/\/www.caririemacao.com\/1\/wp-json\/wp\/v2\/comments?post=80761"}],"version-history":[{"count":1,"href":"https:\/\/www.caririemacao.com\/1\/wp-json\/wp\/v2\/posts\/80761\/revisions"}],"predecessor-version":[{"id":80763,"href":"https:\/\/www.caririemacao.com\/1\/wp-json\/wp\/v2\/posts\/80761\/revisions\/80763"}],"wp:featuredmedia":[{"embeddable":true,"href":"https:\/\/www.caririemacao.com\/1\/wp-json\/wp\/v2\/media\/80762"}],"wp:attachment":[{"href":"https:\/\/www.caririemacao.com\/1\/wp-json\/wp\/v2\/media?parent=80761"}],"wp:term":[{"taxonomy":"category","embeddable":true,"href":"https:\/\/www.caririemacao.com\/1\/wp-json\/wp\/v2\/categories?post=80761"},{"taxonomy":"post_tag","embeddable":true,"href":"https:\/\/www.caririemacao.com\/1\/wp-json\/wp\/v2\/tags?post=80761"}],"curies":[{"name":"wp","href":"https:\/\/api.w.org\/{rel}","templated":true}]}}