{"id":80767,"date":"2019-01-10T13:35:54","date_gmt":"2019-01-10T16:35:54","guid":{"rendered":"http:\/\/www.caririemacao.com\/1\/?p=80767"},"modified":"2019-01-10T13:35:54","modified_gmt":"2019-01-10T16:35:54","slug":"escolas-cidadas-integrais-terao-nova-disciplina-em-parceria-com-universidade-finlandesa","status":"publish","type":"post","link":"https:\/\/www.caririemacao.com\/1\/2019\/01\/10\/escolas-cidadas-integrais-terao-nova-disciplina-em-parceria-com-universidade-finlandesa\/","title":{"rendered":"Escolas Cidad\u00e3s Integrais ter\u00e3o nova disciplina em parceria com universidade Finlandesa"},"content":{"rendered":"<p>A Secretaria de Estado da Educa\u00e7\u00e3o e Ci\u00eancia e Tecnologia (SEECT) vai implantar, neste ano, a disciplina \u2018Colabore e Inove\u2019 nas Escolas Cidad\u00e3s Integrais na Para\u00edba. A nova disciplina \u00e9 fruto do Programa Gira Mundo Finl\u00e2ndia e foi criada pelas professoras Luiza Iolanda Cortez e Giovania Lira a partir do trabalho desenvolvido pelo Programa em 2017 e 2018. A disciplina surgiu por meio de parceria entre a Secretaria de Estado da Educa\u00e7\u00e3o (SEE), a Comiss\u00e3o Executiva das Escolas Cidad\u00e3s Integrais e a\u00a0Institui\u00e7\u00e3o Proakatemia (Cultura e Educa\u00e7\u00e3o Empreendedora) da\u00a0Universisty\u00a0of Applied Sciences (TAMK) na Finl\u00e2ndia.<\/p>\n<p>A constru\u00e7\u00e3o desse novo componente curricular nas escolas cidad\u00e3s foi guiada pela treinadora (coach) Hanna Saraketo, com o intuito de compartilhar os conhecimentos adquiridos no curso sobre empreendedorismo e habilidades fundamentais para profissionais no s\u00e9culo XXI, realizado neste ano, na Finl\u00e2ndia, e do qual as professoras paraibanas participaram.<\/p>\n<p>Relacionada ao empreendedorismo, a disciplina vai trabalhar as habilidades dos alunos na cria\u00e7\u00e3o de solu\u00e7\u00f5es para desafios cotidianos.\u00a0A proposta \u00e9 inovadora na educa\u00e7\u00e3o b\u00e1sica, trazendo refer\u00eancias mundiais de uma educa\u00e7\u00e3o de qualidade adaptadas para a realidade do estado. Dessa forma, a mat\u00e9ria se torna mais significativa, inclusiva e desafiadora, na medida em que estimula diversas capacidades e talentos dos estudantes, procurando envolver alunos e professores com metodologias ativas da educa\u00e7\u00e3o, facilitando os meios para criar um ambiente que estimula o protagonismo e fortalece a autonomia do discente.<\/p>\n<p>Os professores que ir\u00e3o lecionar a disciplina ter\u00e3o que passar por forma\u00e7\u00e3o continuada de 80h anuais. O curso ser\u00e1 realizado pelas professoras Luiza Iolanda Cortez e Giovania Lira em parceria com a Universidade de TAMK da Finl\u00e2ndia.<\/p>\n<p>Para as idealizadoras da disciplina,\u00a0Luiza Iolanda Cortez e Giovania Lira,\u00a0a ideia da \u2018Colabore e Inove\u2019 visou relacionar m\u00e9todos educacionais e pessoas, estudantes e professores. \u201cSua base fundamenta-se no m\u00e9todo desenvolvido por Carl Roger da aprendizagem centrada no estudante e na pedagogia da autonomia de Paulo Freire. O prop\u00f3sito \u00e9 dar relevo ao potencial do corpo discente no processo de ensino e aprendizagem. Pretende-se estimular participa\u00e7\u00e3o do estudante, destacando qualidades e conhecimento pr\u00e9vio\u201d, disse Giovania.<\/p>\n<p>Iolanda ressalta que a disciplina ir\u00e1 possibilitar o desenvolvimento de um ambiente que cria possibilidades variadas de aprendizagem. \u201cColabore e Inove vai valorizar m\u00e9todos aut\u00eanticos de avalia\u00e7\u00e3o, a\u00e7\u00e3o e compreens\u00e3o do contexto, promovendo o fortalecimento da autoconfian\u00e7a, empoderamento e participa\u00e7\u00e3o, estimula a colabora\u00e7\u00e3o e favorece a autonomia\u201d, disse.<\/p>\n<p><strong><em>PB Agora<\/em><\/strong><\/p>\n","protected":false},"excerpt":{"rendered":"<p>A Secretaria de Estado da Educa\u00e7\u00e3o e Ci\u00eancia e Tecnologia (SEECT) vai implantar, neste ano, a disciplina \u2018Colabore e Inove\u2019 nas Escolas Cidad\u00e3s Integrais na&hellip; <\/p>\n","protected":false},"author":1,"featured_media":80768,"comment_status":"closed","ping_status":"closed","sticky":false,"template":"","format":"standard","meta":{"sfsi_plus_gutenberg_text_before_share":"","sfsi_plus_gutenberg_show_text_before_share":"","sfsi_plus_gutenberg_icon_type":"","sfsi_plus_gutenberg_icon_alignemt":"","sfsi_plus_gutenburg_max_per_row":"","footnotes":""},"categories":[14],"tags":[],"class_list":["post-80767","post","type-post","status-publish","format-standard","has-post-thumbnail","hentry","category-educacao"],"_links":{"self":[{"href":"https:\/\/www.caririemacao.com\/1\/wp-json\/wp\/v2\/posts\/80767","targetHints":{"allow":["GET"]}}],"collection":[{"href":"https:\/\/www.caririemacao.com\/1\/wp-json\/wp\/v2\/posts"}],"about":[{"href":"https:\/\/www.caririemacao.com\/1\/wp-json\/wp\/v2\/types\/post"}],"author":[{"embeddable":true,"href":"https:\/\/www.caririemacao.com\/1\/wp-json\/wp\/v2\/users\/1"}],"replies":[{"embeddable":true,"href":"https:\/\/www.caririemacao.com\/1\/wp-json\/wp\/v2\/comments?post=80767"}],"version-history":[{"count":1,"href":"https:\/\/www.caririemacao.com\/1\/wp-json\/wp\/v2\/posts\/80767\/revisions"}],"predecessor-version":[{"id":80769,"href":"https:\/\/www.caririemacao.com\/1\/wp-json\/wp\/v2\/posts\/80767\/revisions\/80769"}],"wp:featuredmedia":[{"embeddable":true,"href":"https:\/\/www.caririemacao.com\/1\/wp-json\/wp\/v2\/media\/80768"}],"wp:attachment":[{"href":"https:\/\/www.caririemacao.com\/1\/wp-json\/wp\/v2\/media?parent=80767"}],"wp:term":[{"taxonomy":"category","embeddable":true,"href":"https:\/\/www.caririemacao.com\/1\/wp-json\/wp\/v2\/categories?post=80767"},{"taxonomy":"post_tag","embeddable":true,"href":"https:\/\/www.caririemacao.com\/1\/wp-json\/wp\/v2\/tags?post=80767"}],"curies":[{"name":"wp","href":"https:\/\/api.w.org\/{rel}","templated":true}]}}