{"id":80776,"date":"2019-01-10T18:14:30","date_gmt":"2019-01-10T21:14:30","guid":{"rendered":"http:\/\/www.caririemacao.com\/1\/?p=80776"},"modified":"2019-01-10T18:14:30","modified_gmt":"2019-01-10T21:14:30","slug":"idoso-e-baleado-apos-tentativa-de-assalto-na-zona-rural-de-monteiro","status":"publish","type":"post","link":"https:\/\/www.caririemacao.com\/1\/2019\/01\/10\/idoso-e-baleado-apos-tentativa-de-assalto-na-zona-rural-de-monteiro\/","title":{"rendered":"Idoso \u00e9 baleado ap\u00f3s tentativa de assalto na zona rural de Monteiro"},"content":{"rendered":"<p>Um idoso de 76 anos foi alvejado com dois tiros ap\u00f3s uma tentativa de assalto na tarde desta quinta-feira (10), no S\u00edtio Barro de Santa Catarina, zona rural do munic\u00edpio de Monteiro.<\/p>\n<p>Conforme informa\u00e7\u00f5es, o idoso estava em sua resid\u00eancia quando dois indiv\u00edduos chegaram pedindo \u00e1gua, e em seguida anunciaram o assalto. A dupla pediu que a v\u00edtima entregasse o dinheiro, e o idoso disse que n\u00e3o tinha dinheiro. A partir da\u00ed, come\u00e7ou uma discuss\u00e3o entre os assaltantes e a v\u00edtima, resultando em dois disparos de arma de fogo contra o idoso.<\/p>\n<p>O idoso foi socorrido para o Hospital Regional de Monteiro por uma equipe do SAMU, e transferido para o Hospital de Emerg\u00eancia e Trauma de Campina Grande, devido a gravidade dos ferimentos.<\/p>\n<p>A Pol\u00edcia foi acionada e realiza dilig\u00eancias na regi\u00e3o na tentativa de capturar os suspeitos.<\/p>\n<p>&nbsp;<\/p>\n<p>Cariri Ligado<\/p>\n","protected":false},"excerpt":{"rendered":"<p>Um idoso de 76 anos foi alvejado com dois tiros ap\u00f3s uma tentativa de assalto na tarde desta quinta-feira (10), no S\u00edtio Barro de Santa&hellip; <\/p>\n","protected":false},"author":1,"featured_media":18430,"comment_status":"closed","ping_status":"closed","sticky":false,"template":"","format":"standard","meta":{"sfsi_plus_gutenberg_text_before_share":"","sfsi_plus_gutenberg_show_text_before_share":"","sfsi_plus_gutenberg_icon_type":"","sfsi_plus_gutenberg_icon_alignemt":"","sfsi_plus_gutenburg_max_per_row":"","footnotes":""},"categories":[50,12],"tags":[],"class_list":["post-80776","post","type-post","status-publish","format-standard","has-post-thumbnail","hentry","category-destaque","category-policia"],"_links":{"self":[{"href":"https:\/\/www.caririemacao.com\/1\/wp-json\/wp\/v2\/posts\/80776","targetHints":{"allow":["GET"]}}],"collection":[{"href":"https:\/\/www.caririemacao.com\/1\/wp-json\/wp\/v2\/posts"}],"about":[{"href":"https:\/\/www.caririemacao.com\/1\/wp-json\/wp\/v2\/types\/post"}],"author":[{"embeddable":true,"href":"https:\/\/www.caririemacao.com\/1\/wp-json\/wp\/v2\/users\/1"}],"replies":[{"embeddable":true,"href":"https:\/\/www.caririemacao.com\/1\/wp-json\/wp\/v2\/comments?post=80776"}],"version-history":[{"count":1,"href":"https:\/\/www.caririemacao.com\/1\/wp-json\/wp\/v2\/posts\/80776\/revisions"}],"predecessor-version":[{"id":80777,"href":"https:\/\/www.caririemacao.com\/1\/wp-json\/wp\/v2\/posts\/80776\/revisions\/80777"}],"wp:featuredmedia":[{"embeddable":true,"href":"https:\/\/www.caririemacao.com\/1\/wp-json\/wp\/v2\/media\/18430"}],"wp:attachment":[{"href":"https:\/\/www.caririemacao.com\/1\/wp-json\/wp\/v2\/media?parent=80776"}],"wp:term":[{"taxonomy":"category","embeddable":true,"href":"https:\/\/www.caririemacao.com\/1\/wp-json\/wp\/v2\/categories?post=80776"},{"taxonomy":"post_tag","embeddable":true,"href":"https:\/\/www.caririemacao.com\/1\/wp-json\/wp\/v2\/tags?post=80776"}],"curies":[{"name":"wp","href":"https:\/\/api.w.org\/{rel}","templated":true}]}}