{"id":80779,"date":"2019-01-11T08:06:04","date_gmt":"2019-01-11T11:06:04","guid":{"rendered":"http:\/\/www.caririemacao.com\/1\/?p=80779"},"modified":"2019-01-11T08:06:04","modified_gmt":"2019-01-11T11:06:04","slug":"programacao-completa-da-festa-do-padroeiro-do-distrito-de-cacimbinha-esta-definida","status":"publish","type":"post","link":"https:\/\/www.caririemacao.com\/1\/2019\/01\/11\/programacao-completa-da-festa-do-padroeiro-do-distrito-de-cacimbinha-esta-definida\/","title":{"rendered":"Programa\u00e7\u00e3o completa da festa do padroeiro do distrito de Cacimbinha est\u00e1 definida"},"content":{"rendered":"<p>Est\u00e1 definida a programa\u00e7\u00e3o completa de uma das mais tradicionais festas de padroeiro do interior da Para\u00edba.<\/p>\n<p>Trata-se da festa do padroeiro S\u00e3o Sebasti\u00e3o do distrito de Cacimbinha no munic\u00edpio de S\u00e3o Jo\u00e3o do Tigre, que \u00e9 aguardada durante todo o ano pela popula\u00e7\u00e3o e tigrenses espalhados pelo Brasil a fora, e que tem um tratamento todo especial desde o in\u00edcio da 1\u00aa gest\u00e3o do atual prefeito C\u00e9lio Barbosa.<\/p>\n<p>Al\u00e9m da cantora de renome nacional Walkyria Santos que j\u00e1 havia sido confirmada h\u00e1 alguns dias em 1\u00aa m\u00e3o, agora foram confirmadas tamb\u00e9m mais duas atra\u00e7\u00f5es: a banda Arrasta Mulher e o cantor Gil Camargo.<\/p>\n<p>\u201cA festa do distrito de Cacimbinha recebe toda a nossa aten\u00e7\u00e3o e \u00e9 feita com todo carinho com este apoio da gest\u00e3o municipal. Assim como v\u00e1rias outras a\u00e7\u00f5es que direcionamos para aquele Distrito. Hoje S\u00e3o Jo\u00e3o do Tigre recebe aten\u00e7\u00e3o da gest\u00e3o do prefeito C\u00e9lio de forma especial em todos os seus recantos, seja zona urbana, zona rural ou distritos\u201d, disse o secret\u00e1rio de finan\u00e7as M\u00e1rcio Leite.<\/p>\n<p>&nbsp;<\/p>\n<p>Blog F\u00e1bio Brito<\/p>\n","protected":false},"excerpt":{"rendered":"<p>Est\u00e1 definida a programa\u00e7\u00e3o completa de uma das mais tradicionais festas de padroeiro do interior da Para\u00edba. Trata-se da festa do padroeiro S\u00e3o Sebasti\u00e3o do&hellip; <\/p>\n","protected":false},"author":1,"featured_media":80780,"comment_status":"closed","ping_status":"closed","sticky":false,"template":"","format":"standard","meta":{"sfsi_plus_gutenberg_text_before_share":"","sfsi_plus_gutenberg_show_text_before_share":"","sfsi_plus_gutenberg_icon_type":"","sfsi_plus_gutenberg_icon_alignemt":"","sfsi_plus_gutenburg_max_per_row":"","footnotes":""},"categories":[2],"tags":[],"class_list":["post-80779","post","type-post","status-publish","format-standard","has-post-thumbnail","hentry","category-geral"],"_links":{"self":[{"href":"https:\/\/www.caririemacao.com\/1\/wp-json\/wp\/v2\/posts\/80779","targetHints":{"allow":["GET"]}}],"collection":[{"href":"https:\/\/www.caririemacao.com\/1\/wp-json\/wp\/v2\/posts"}],"about":[{"href":"https:\/\/www.caririemacao.com\/1\/wp-json\/wp\/v2\/types\/post"}],"author":[{"embeddable":true,"href":"https:\/\/www.caririemacao.com\/1\/wp-json\/wp\/v2\/users\/1"}],"replies":[{"embeddable":true,"href":"https:\/\/www.caririemacao.com\/1\/wp-json\/wp\/v2\/comments?post=80779"}],"version-history":[{"count":1,"href":"https:\/\/www.caririemacao.com\/1\/wp-json\/wp\/v2\/posts\/80779\/revisions"}],"predecessor-version":[{"id":80781,"href":"https:\/\/www.caririemacao.com\/1\/wp-json\/wp\/v2\/posts\/80779\/revisions\/80781"}],"wp:featuredmedia":[{"embeddable":true,"href":"https:\/\/www.caririemacao.com\/1\/wp-json\/wp\/v2\/media\/80780"}],"wp:attachment":[{"href":"https:\/\/www.caririemacao.com\/1\/wp-json\/wp\/v2\/media?parent=80779"}],"wp:term":[{"taxonomy":"category","embeddable":true,"href":"https:\/\/www.caririemacao.com\/1\/wp-json\/wp\/v2\/categories?post=80779"},{"taxonomy":"post_tag","embeddable":true,"href":"https:\/\/www.caririemacao.com\/1\/wp-json\/wp\/v2\/tags?post=80779"}],"curies":[{"name":"wp","href":"https:\/\/api.w.org\/{rel}","templated":true}]}}