{"id":80782,"date":"2019-01-11T08:34:52","date_gmt":"2019-01-11T11:34:52","guid":{"rendered":"http:\/\/www.caririemacao.com\/1\/?p=80782"},"modified":"2019-01-11T08:34:52","modified_gmt":"2019-01-11T11:34:52","slug":"construcao-de-adutora-que-levara-agua-da-paraiba-para-pernambuco-foi-iniciada","status":"publish","type":"post","link":"https:\/\/www.caririemacao.com\/1\/2019\/01\/11\/construcao-de-adutora-que-levara-agua-da-paraiba-para-pernambuco-foi-iniciada\/","title":{"rendered":"Constru\u00e7\u00e3o de adutora que levar\u00e1 \u00e1gua da Para\u00edba para Pernambuco foi iniciada"},"content":{"rendered":"<div class=\"row cf\">\n<div class=\"playerContainer cf col-lg-12\">\n<div class=\"saude plrBorderSaude\">\n<div class=\"saude mejs__ebc-audio-wrapper\"><\/div>\n<\/div>\n<\/div>\n<\/div>\n<div data-editor=\"40ebl\" data-block=\"true\" data-offset-key=\"33rkb-0-0\">\n<div class=\"_1mf _1mj\" data-offset-key=\"33rkb-0-0\"><span data-offset-key=\"33rkb-0-0\">A adutora do Alto Capibaribe, que captar\u00e1 \u00e1gua do Rio Para\u00edba, em Barra de S\u00e3o Miguel, PB, teve inicio nesta quinta-feira (10), em solo paraibano.\u00a0 A obra \u00e9 fruto de um Termo de Coopera\u00e7\u00e3o para uso das \u00e1guas do Rio Para\u00edba, entres os governos da Para\u00edba e Pernambuco. <\/span><\/div>\n<\/div>\n<div data-editor=\"40ebl\" data-block=\"true\" data-offset-key=\"873r8-0-0\">\n<div class=\"_1mf _1mj\" data-offset-key=\"873r8-0-0\"><span data-offset-key=\"873r8-0-0\">\u00a0<\/span><\/div>\n<\/div>\n<div data-editor=\"40ebl\" data-block=\"true\" data-offset-key=\"f11b5-0-0\">\n<div class=\"_1mf _1mj\" data-offset-key=\"f11b5-0-0\"><span data-offset-key=\"f11b5-0-0\">O servi\u00e7o est\u00e1 sendo executado pela Empresa Pernambucana de Saneamento (Compesa). <\/span><\/div>\n<\/div>\n<div data-editor=\"40ebl\" data-block=\"true\" data-offset-key=\"24eco-0-0\">\n<div class=\"_1mf _1mj\" data-offset-key=\"24eco-0-0\"><span data-offset-key=\"24eco-0-0\">\u00a0<\/span><\/div>\n<\/div>\n<div data-editor=\"40ebl\" data-block=\"true\" data-offset-key=\"2trbs-0-0\">\n<div class=\"_1mf _1mj\" data-offset-key=\"2trbs-0-0\"><span data-offset-key=\"2trbs-0-0\">A \u00e1gua ser\u00e1 captada no Rio Para\u00edba, em Barra de S\u00e3o Miguel e\u00a0 atender\u00e1 para Santa Cruz do Capibaribe e outras sete cidades pernambucanas, beneficiando 230 mil pessoas. Ser\u00e3o investidos R$ 82 milh\u00f5es.<\/span><\/div>\n<\/div>\n<div data-editor=\"40ebl\" data-block=\"true\" data-offset-key=\"ejlrm-0-0\">\n<div class=\"_1mf _1mj\" data-offset-key=\"ejlrm-0-0\"><span data-offset-key=\"ejlrm-0-0\">\u00a0<\/span><\/div>\n<\/div>\n<div data-editor=\"40ebl\" data-block=\"true\" data-offset-key=\"chuhh-0-0\">\n<div class=\"_1mf _1mj\" data-offset-key=\"chuhh-0-0\"><span data-offset-key=\"chuhh-0-0\">Na mesma obra, o Governo da Para\u00edba vai investir 950 mil reais para constru\u00e7\u00e3o de uma esta\u00e7\u00e3o de tratamento que atender o munic\u00edpio de Barra de S\u00e3o Miguel. <\/span><\/div>\n<\/div>\n<div data-editor=\"40ebl\" data-block=\"true\" data-offset-key=\"cbcdg-0-0\">\n<div class=\"_1mf _1mj\" data-offset-key=\"cbcdg-0-0\"><span data-offset-key=\"cbcdg-0-0\">\u00a0<\/span><\/div>\n<\/div>\n<div data-editor=\"40ebl\" data-block=\"true\" data-offset-key=\"5lll8-0-0\">\n<div class=\"_1mf _1mj\" data-offset-key=\"5lll8-0-0\"><span data-offset-key=\"5lll8-0-0\">\u00a0<\/span><\/div>\n<\/div>\n<div data-editor=\"40ebl\" data-block=\"true\" data-offset-key=\"ap5ak-0-0\">\n<div class=\"_1mf _1mj\" data-offset-key=\"ap5ak-0-0\"><strong>Blog do Bruno Lira<\/strong><\/div>\n<\/div>\n<div class=\"cf bgWhite newsContainer\">\n<div class=\"col-lg-8 col-lg-offset-2 col-md-8 col-md-offset-2 col-sm-10 col-sm-offset-1 col-xs-12\">\n<article>&nbsp;<\/p>\n<\/article>\n<\/div>\n<\/div>\n","protected":false},"excerpt":{"rendered":"<p>A adutora do Alto Capibaribe, que captar\u00e1 \u00e1gua do Rio Para\u00edba, em Barra de S\u00e3o Miguel, PB, teve inicio nesta quinta-feira (10), em solo paraibano.\u00a0&hellip; <\/p>\n","protected":false},"author":1,"featured_media":80783,"comment_status":"closed","ping_status":"closed","sticky":false,"template":"","format":"standard","meta":{"sfsi_plus_gutenberg_text_before_share":"","sfsi_plus_gutenberg_show_text_before_share":"","sfsi_plus_gutenberg_icon_type":"","sfsi_plus_gutenberg_icon_alignemt":"","sfsi_plus_gutenburg_max_per_row":"","footnotes":""},"categories":[2],"tags":[],"class_list":["post-80782","post","type-post","status-publish","format-standard","has-post-thumbnail","hentry","category-geral"],"_links":{"self":[{"href":"https:\/\/www.caririemacao.com\/1\/wp-json\/wp\/v2\/posts\/80782","targetHints":{"allow":["GET"]}}],"collection":[{"href":"https:\/\/www.caririemacao.com\/1\/wp-json\/wp\/v2\/posts"}],"about":[{"href":"https:\/\/www.caririemacao.com\/1\/wp-json\/wp\/v2\/types\/post"}],"author":[{"embeddable":true,"href":"https:\/\/www.caririemacao.com\/1\/wp-json\/wp\/v2\/users\/1"}],"replies":[{"embeddable":true,"href":"https:\/\/www.caririemacao.com\/1\/wp-json\/wp\/v2\/comments?post=80782"}],"version-history":[{"count":1,"href":"https:\/\/www.caririemacao.com\/1\/wp-json\/wp\/v2\/posts\/80782\/revisions"}],"predecessor-version":[{"id":80784,"href":"https:\/\/www.caririemacao.com\/1\/wp-json\/wp\/v2\/posts\/80782\/revisions\/80784"}],"wp:featuredmedia":[{"embeddable":true,"href":"https:\/\/www.caririemacao.com\/1\/wp-json\/wp\/v2\/media\/80783"}],"wp:attachment":[{"href":"https:\/\/www.caririemacao.com\/1\/wp-json\/wp\/v2\/media?parent=80782"}],"wp:term":[{"taxonomy":"category","embeddable":true,"href":"https:\/\/www.caririemacao.com\/1\/wp-json\/wp\/v2\/categories?post=80782"},{"taxonomy":"post_tag","embeddable":true,"href":"https:\/\/www.caririemacao.com\/1\/wp-json\/wp\/v2\/tags?post=80782"}],"curies":[{"name":"wp","href":"https:\/\/api.w.org\/{rel}","templated":true}]}}