{"id":80787,"date":"2019-01-11T08:39:50","date_gmt":"2019-01-11T11:39:50","guid":{"rendered":"http:\/\/www.caririemacao.com\/1\/?p=80787"},"modified":"2019-01-11T08:39:50","modified_gmt":"2019-01-11T11:39:50","slug":"jovem-suspeito-de-homicidio-e-assassinado-dentro-de-casa-na-paraiba","status":"publish","type":"post","link":"https:\/\/www.caririemacao.com\/1\/2019\/01\/11\/jovem-suspeito-de-homicidio-e-assassinado-dentro-de-casa-na-paraiba\/","title":{"rendered":"Jovem suspeito de homic\u00eddio \u00e9 assassinado dentro de casa na Para\u00edba"},"content":{"rendered":"<p>Um jovem foi assassinado a tiros dentro de casa na noite desta quarta-feira (9), na comunidade da Pedra D\u2019\u00e1gua, do munic\u00edpio de Nova Palmeira, na Para\u00edba. Alysson de 20 anos, foi atingido por tr\u00eas disparos sendo um na cabe\u00e7a, outro no peito e um na barriga.<\/p>\n<p>O jovem morreu ainda no local. O corpo foi encaminhado para o Numol de Campina Grande, para ser necropsiado e liberado para sepultamento.<\/p>\n<p>De acordo com informa\u00e7\u00f5es, em fevereiro de 2016, Alysson, na \u00e9poca com 17 anos, foi acusado junto com outro rapaz, de assassinar um adolescente de 14 anos na cidade de Pedra Lavrada.<\/p>\n<p>A pol\u00edcia investiga o caso.<\/p>\n","protected":false},"excerpt":{"rendered":"<p>Um jovem foi assassinado a tiros dentro de casa na noite desta quarta-feira (9), na comunidade da Pedra D\u2019\u00e1gua, do munic\u00edpio de Nova Palmeira, na&hellip; <\/p>\n","protected":false},"author":1,"featured_media":80788,"comment_status":"closed","ping_status":"closed","sticky":false,"template":"","format":"standard","meta":{"sfsi_plus_gutenberg_text_before_share":"","sfsi_plus_gutenberg_show_text_before_share":"","sfsi_plus_gutenberg_icon_type":"","sfsi_plus_gutenberg_icon_alignemt":"","sfsi_plus_gutenburg_max_per_row":"","footnotes":""},"categories":[12],"tags":[],"class_list":["post-80787","post","type-post","status-publish","format-standard","has-post-thumbnail","hentry","category-policia"],"_links":{"self":[{"href":"https:\/\/www.caririemacao.com\/1\/wp-json\/wp\/v2\/posts\/80787","targetHints":{"allow":["GET"]}}],"collection":[{"href":"https:\/\/www.caririemacao.com\/1\/wp-json\/wp\/v2\/posts"}],"about":[{"href":"https:\/\/www.caririemacao.com\/1\/wp-json\/wp\/v2\/types\/post"}],"author":[{"embeddable":true,"href":"https:\/\/www.caririemacao.com\/1\/wp-json\/wp\/v2\/users\/1"}],"replies":[{"embeddable":true,"href":"https:\/\/www.caririemacao.com\/1\/wp-json\/wp\/v2\/comments?post=80787"}],"version-history":[{"count":1,"href":"https:\/\/www.caririemacao.com\/1\/wp-json\/wp\/v2\/posts\/80787\/revisions"}],"predecessor-version":[{"id":80789,"href":"https:\/\/www.caririemacao.com\/1\/wp-json\/wp\/v2\/posts\/80787\/revisions\/80789"}],"wp:featuredmedia":[{"embeddable":true,"href":"https:\/\/www.caririemacao.com\/1\/wp-json\/wp\/v2\/media\/80788"}],"wp:attachment":[{"href":"https:\/\/www.caririemacao.com\/1\/wp-json\/wp\/v2\/media?parent=80787"}],"wp:term":[{"taxonomy":"category","embeddable":true,"href":"https:\/\/www.caririemacao.com\/1\/wp-json\/wp\/v2\/categories?post=80787"},{"taxonomy":"post_tag","embeddable":true,"href":"https:\/\/www.caririemacao.com\/1\/wp-json\/wp\/v2\/tags?post=80787"}],"curies":[{"name":"wp","href":"https:\/\/api.w.org\/{rel}","templated":true}]}}