{"id":80790,"date":"2019-01-11T08:42:11","date_gmt":"2019-01-11T11:42:11","guid":{"rendered":"http:\/\/www.caririemacao.com\/1\/?p=80790"},"modified":"2019-01-11T08:42:11","modified_gmt":"2019-01-11T11:42:11","slug":"prefeitura-de-lucena-anuncia-concurso-publico-e-processo-seletivo-com-47-vagas","status":"publish","type":"post","link":"https:\/\/www.caririemacao.com\/1\/2019\/01\/11\/prefeitura-de-lucena-anuncia-concurso-publico-e-processo-seletivo-com-47-vagas\/","title":{"rendered":"Prefeitura de Lucena anuncia concurso p\u00fablico e processo seletivo com 47 vagas"},"content":{"rendered":"<p>A Prefeitura de Lucena anunciou na noite desta quarta-feira (9), a realiza\u00e7\u00e3o de um concurso p\u00fablico e de um processo seletivo para a contrata\u00e7\u00e3o de 47 servidores em diversas \u00e1reas. Das vagas previstas 14 ser\u00e3o para o processo seletivo e 33 para o concurso p\u00fablico.<\/p>\n<p>Os editais devem ser publicados nesta sexta-feira (11), como tamb\u00e9m o in\u00edcio das inscri\u00e7\u00f5es. Para a sele\u00e7\u00e3o, os candidatos devem se inscrever at\u00e9 25 de janeiro. O concurso permanece com inscri\u00e7\u00f5es abertas at\u00e9 10 de fevereiro e devem ser realizadas no <a href=\"http:\/\/www.contemaxconsultoria.com.br\/site\/\" target=\"true\">site da empresa organizadora.<\/a><\/p>\n<p>Os cargos oferecidos na sele\u00e7\u00e3o s\u00e3o para condutor socorrista (Samu), cuidador de idoso (CRAS), oficineiro (CRAS), t\u00e9cnico de enfermagem (SAMU), visitador (Crian\u00e7a Feliz), assistente social (NASF), assistente social (CRAS), educador f\u00edsico (CRAS), enfermeiro (SAMU), fisioterapeuta (NASF), nutricionista (NASF), orientador educacional (CRAS), psic\u00f3logo (CRAS) e psic\u00f3logo (NASF).<\/p>\n<p>Para o concurso, s\u00e3o previstas vagas para agente comunit\u00e1rio de sa\u00fade, agente de limpeza geral, agente de tr\u00e2nsito, agente de vigil\u00e2ncia sanit\u00e1ria, assistente administrativo, assistente social, atendente de farm\u00e1cia, auxiliar de sa\u00fade bucal, auxiliar de servi\u00e7os gerais, cozinheiro, dentista esf, enfermeiro esf, farmac\u00eautico, fiscal de obras, fonoaudi\u00f3logo, instrutor de inform\u00e1tica, m\u00e9dico pediatra, m\u00e9dico ESF, motorista, procurador, professor A \u2013 anos iniciais, professor A \u2013 ensino infantil, professor B \u2013 artes, ci\u00eancias, educa\u00e7\u00e3o f\u00edsica, geografia, hist\u00f3ria, ingl\u00eas, matem\u00e1tica, portugu\u00eas, psic\u00f3logo, t\u00e9cnico em enfermagem ESF e vigilante.<\/p>\n<p>Os sal\u00e1rios\u00a0variam de R$ 998 a R$ 1.200 no processo seletivo, sendo os cargos de n\u00edvel superior os que t\u00eam maior sal\u00e1rio, e de R$ 998 a R$ 1.835,37 no concurso, sendo os cargos de professor A e professor B os que t\u00eam maior sal\u00e1rio.<\/p>\n<p>&nbsp;<\/p>\n<p>ClickPB<\/p>\n","protected":false},"excerpt":{"rendered":"<p>A Prefeitura de Lucena anunciou na noite desta quarta-feira (9), a realiza\u00e7\u00e3o de um concurso p\u00fablico e de um processo seletivo para a contrata\u00e7\u00e3o de&hellip; <\/p>\n","protected":false},"author":1,"featured_media":38784,"comment_status":"closed","ping_status":"closed","sticky":false,"template":"","format":"standard","meta":{"sfsi_plus_gutenberg_text_before_share":"","sfsi_plus_gutenberg_show_text_before_share":"","sfsi_plus_gutenberg_icon_type":"","sfsi_plus_gutenberg_icon_alignemt":"","sfsi_plus_gutenburg_max_per_row":"","footnotes":""},"categories":[6],"tags":[],"class_list":["post-80790","post","type-post","status-publish","format-standard","has-post-thumbnail","hentry","category-cidades"],"_links":{"self":[{"href":"https:\/\/www.caririemacao.com\/1\/wp-json\/wp\/v2\/posts\/80790","targetHints":{"allow":["GET"]}}],"collection":[{"href":"https:\/\/www.caririemacao.com\/1\/wp-json\/wp\/v2\/posts"}],"about":[{"href":"https:\/\/www.caririemacao.com\/1\/wp-json\/wp\/v2\/types\/post"}],"author":[{"embeddable":true,"href":"https:\/\/www.caririemacao.com\/1\/wp-json\/wp\/v2\/users\/1"}],"replies":[{"embeddable":true,"href":"https:\/\/www.caririemacao.com\/1\/wp-json\/wp\/v2\/comments?post=80790"}],"version-history":[{"count":1,"href":"https:\/\/www.caririemacao.com\/1\/wp-json\/wp\/v2\/posts\/80790\/revisions"}],"predecessor-version":[{"id":80791,"href":"https:\/\/www.caririemacao.com\/1\/wp-json\/wp\/v2\/posts\/80790\/revisions\/80791"}],"wp:featuredmedia":[{"embeddable":true,"href":"https:\/\/www.caririemacao.com\/1\/wp-json\/wp\/v2\/media\/38784"}],"wp:attachment":[{"href":"https:\/\/www.caririemacao.com\/1\/wp-json\/wp\/v2\/media?parent=80790"}],"wp:term":[{"taxonomy":"category","embeddable":true,"href":"https:\/\/www.caririemacao.com\/1\/wp-json\/wp\/v2\/categories?post=80790"},{"taxonomy":"post_tag","embeddable":true,"href":"https:\/\/www.caririemacao.com\/1\/wp-json\/wp\/v2\/tags?post=80790"}],"curies":[{"name":"wp","href":"https:\/\/api.w.org\/{rel}","templated":true}]}}