{"id":80793,"date":"2019-01-11T08:43:56","date_gmt":"2019-01-11T11:43:56","guid":{"rendered":"http:\/\/www.caririemacao.com\/1\/?p=80793"},"modified":"2019-01-11T08:43:56","modified_gmt":"2019-01-11T11:43:56","slug":"governo-bolsonaro-tem-media-de-um-recuo-por-dia","status":"publish","type":"post","link":"https:\/\/www.caririemacao.com\/1\/2019\/01\/11\/governo-bolsonaro-tem-media-de-um-recuo-por-dia\/","title":{"rendered":"Governo Bolsonaro tem m\u00e9dia de um recuo por dia"},"content":{"rendered":"<p>Nos primeiros nove dias como presidente, Jair Bolsonaro voltou atr\u00e1s em pelo menos nove decis\u00f5es anunciadas por seu governo.<\/p>\n<p>A m\u00e9dia de um recuo por dia reflete a falta de planejamento do primeiro escal\u00e3o e reflete a personalidade dispersa e pouco assertiva do presidente.<\/p>\n<p>Em sua estreia no terceiro andar do Pal\u00e1cio do Planalto, na ter\u00e7a-feira (1\u00ba), Bolsonaro assinou o decreto que reajustava o sal\u00e1rio m\u00ednimo de R$ 954 para R$ 998.<\/p>\n<p>A chancela do presidente, por\u00e9m, foi anunciada horas depois que o ministro da Casa Civil, Onyx Lorenzoni, havia garantido que as primeiras a\u00e7\u00f5es do novo chefe do Executivo sairiam somente a partir do dia seguinte.<\/p>\n<p>Al\u00e9m da primeira escorregada do ano, o principal auxiliar pol\u00edtico de Bolsonaro foi personagem relevante de outras quatro mudan\u00e7as de discurso: o aumento do IOF, a redu\u00e7\u00e3o da al\u00edquota do Imposto de Renda, a despetiza\u00e7\u00e3o dos servidores p\u00fablicos e o an\u00fancio das metas priorit\u00e1rias do governo.<\/p>\n<p>Na semana passada, Onyx foi escalado para avisar publicamente que o presidente havia se \u201cequivocado\u201d ao anunciar o aumento do IOF (Imposto de Opera\u00e7\u00f5es Financeiras) e da redu\u00e7\u00e3o da al\u00edquota do IR, de 27,5% para 25%.<br \/>\nBolsonaro deu publicidade \u00e0s medidas na sexta (4), mas foi desmentido pouco tempo depois pelo secret\u00e1rio da Receita Federal, Marcos Cintra.<\/p>\n<p>Onyx disse que havia estudos sobre o aumento do IOF que foram descartados, mesmo depois de Bolsonaro ter dito que assinara um decreto sobre o assunto.<br \/>\nFoi tamb\u00e9m o chefe da Casa Civil quem bateu bumbo para a exonera\u00e7\u00e3o de 320 servidores vinculados a sua pasta.<\/p>\n<p>Segundo ele, era preciso identificar os funcion\u00e1rios nomeados durante as gest\u00f5es de Lula e Dilma Rousseff e tir\u00e1-los de vez do Planalto.<\/p>\n<p>A sa\u00edda em massa dos servidores paralisou o trabalho da Comiss\u00e3o de \u00c9tica P\u00fablica, que perdeu 16 dos 17 funcion\u00e1rios de sua equipe.<\/p>\n<p>Dias depois, no entanto, o colegiado anunciou a readmiss\u00e3o dos servidores para evitar preju\u00edzo dos trabalhos.<\/p>\n<p>Na ter\u00e7a-feira (8), o general Augusto Heleno, que comanda o GSI (Gabinete de Seguran\u00e7a Institucional), desmentiu Onyx sobre a exist\u00eancia de um plano de an\u00fancio das medidas priorit\u00e1rias do governo.<\/p>\n<p>Ap\u00f3s as duas reuni\u00f5es de Bolsonaro com seus 22 ministros, o chefe da Casa Civil prometeu divulgar metas para os 100 primeiros dias da gest\u00e3o, mas nada aconteceu.<\/p>\n<p>A disputa entre os n\u00facleos pol\u00edtico e econ\u00f4mico dos governos \u00e9 comum desde a redemocratiza\u00e7\u00e3o, mas causou estranhamento entre os observadores mais experientes de Bras\u00edlia um atrito exposto t\u00e3o rapidamente.<\/p>\n<p>Al\u00e9m dos dois grupos, a gest\u00e3o de Bolsonaro conta ainda com o militar. S\u00e3o sete no primeiro escal\u00e3o.<\/p>\n<p>O chefe do GSI foi quem tamb\u00e9m acabou com a pol\u00eamica sobre a instala\u00e7\u00e3o de uma base militar americana no Brasil.<\/p>\n<p>Bolsonaro havia dito, em entrevista ao SBT, ver uma possibilidade de receber a base. Heleno, no entanto, afirmou que Bolsonaro disse que nunca falou do tema e que foi feito \u201cum au\u00ea\u201d sem raz\u00e3o.<\/p>\n<p>O general-ministro tamb\u00e9m foi categ\u00f3rico ao descartar interrup\u00e7\u00e3o, por parte do governo, do acordo entre Embraer e Boeing, fechado em dezembro e que precisa do aval do Planalto. Bolsonaro havia colocado d\u00favidas sobre a continuidade do neg\u00f3cio.<\/p>\n<p>Nesta quarta (9), o governo Bolsonaro voltou atr\u00e1s mais duas vezes: na suspens\u00e3o do processo de reforma agr\u00e1ria e nas mudan\u00e7as no edital de compra de livros did\u00e1ticos pelo Minist\u00e9rio da Educa\u00e7\u00e3o.<\/p>\n<p>O edital havia deixado de exigir das editoras refer\u00eancias bibliogr\u00e1ficas e o compromisso com a agenda da n\u00e3o viol\u00eancia contra mulheres, promo\u00e7\u00e3o das culturas quilombolas e dos povos do campo.<\/p>\n<p>\u00c9 prov\u00e1vel que haja novos recuos, sobre a reforma da Previd\u00eancia, por exemplo. Bolsonaro chegou a defender uma idade m\u00ednima de 57 anos para a aposentadoria de mulheres e 62 para homens.<\/p>\n<p>A proposta n\u00e3o agrada ao ministro Paulo Guedes e o texto nem mesmo foi fechado pelo time dele.<\/p>\n<p>&nbsp;<\/p>\n<p>FolhaPress<\/p>\n","protected":false},"excerpt":{"rendered":"<p>Nos primeiros nove dias como presidente, Jair Bolsonaro voltou atr\u00e1s em pelo menos nove decis\u00f5es anunciadas por seu governo. A m\u00e9dia de um recuo por&hellip; <\/p>\n","protected":false},"author":1,"featured_media":79265,"comment_status":"closed","ping_status":"closed","sticky":false,"template":"","format":"standard","meta":{"sfsi_plus_gutenberg_text_before_share":"","sfsi_plus_gutenberg_show_text_before_share":"","sfsi_plus_gutenberg_icon_type":"","sfsi_plus_gutenberg_icon_alignemt":"","sfsi_plus_gutenburg_max_per_row":"","footnotes":""},"categories":[11],"tags":[],"class_list":["post-80793","post","type-post","status-publish","format-standard","has-post-thumbnail","hentry","category-politica"],"_links":{"self":[{"href":"https:\/\/www.caririemacao.com\/1\/wp-json\/wp\/v2\/posts\/80793","targetHints":{"allow":["GET"]}}],"collection":[{"href":"https:\/\/www.caririemacao.com\/1\/wp-json\/wp\/v2\/posts"}],"about":[{"href":"https:\/\/www.caririemacao.com\/1\/wp-json\/wp\/v2\/types\/post"}],"author":[{"embeddable":true,"href":"https:\/\/www.caririemacao.com\/1\/wp-json\/wp\/v2\/users\/1"}],"replies":[{"embeddable":true,"href":"https:\/\/www.caririemacao.com\/1\/wp-json\/wp\/v2\/comments?post=80793"}],"version-history":[{"count":1,"href":"https:\/\/www.caririemacao.com\/1\/wp-json\/wp\/v2\/posts\/80793\/revisions"}],"predecessor-version":[{"id":80794,"href":"https:\/\/www.caririemacao.com\/1\/wp-json\/wp\/v2\/posts\/80793\/revisions\/80794"}],"wp:featuredmedia":[{"embeddable":true,"href":"https:\/\/www.caririemacao.com\/1\/wp-json\/wp\/v2\/media\/79265"}],"wp:attachment":[{"href":"https:\/\/www.caririemacao.com\/1\/wp-json\/wp\/v2\/media?parent=80793"}],"wp:term":[{"taxonomy":"category","embeddable":true,"href":"https:\/\/www.caririemacao.com\/1\/wp-json\/wp\/v2\/categories?post=80793"},{"taxonomy":"post_tag","embeddable":true,"href":"https:\/\/www.caririemacao.com\/1\/wp-json\/wp\/v2\/tags?post=80793"}],"curies":[{"name":"wp","href":"https:\/\/api.w.org\/{rel}","templated":true}]}}