{"id":80803,"date":"2019-01-11T08:50:54","date_gmt":"2019-01-11T11:50:54","guid":{"rendered":"http:\/\/www.caririemacao.com\/1\/?p=80803"},"modified":"2019-01-11T08:50:54","modified_gmt":"2019-01-11T11:50:54","slug":"filho-de-bolsonaro-propoe-revisao-historica-sobre-ditadura-em-livros","status":"publish","type":"post","link":"https:\/\/www.caririemacao.com\/1\/2019\/01\/11\/filho-de-bolsonaro-propoe-revisao-historica-sobre-ditadura-em-livros\/","title":{"rendered":"Filho de Bolsonaro prop\u00f5e revis\u00e3o hist\u00f3rica sobre ditadura em livros"},"content":{"rendered":"<p>Ap\u00f3s o Minist\u00e9rio da Educa\u00e7\u00e3o anular um pol\u00eamico edital de livros did\u00e1ticos, o presidente, Jair Bolsonaro (PSL), e seu filho deputado federal, Eduardo (PSL-SP), fizeram publica\u00e7\u00f5es nas redes sociais em que atacam supostas doutrina\u00e7\u00f5es de esquerda na educa\u00e7\u00e3o e em materiais escolares.<\/p>\n<p>O presidente compartilhou mensagem de um usu\u00e1rio citando que h\u00e1 &#8220;picuinhas com as decis\u00f5es&#8221; do presidente sobre educa\u00e7\u00e3o enquanto publica imagens de materiais que tratariam o socialismo de forma positiva. J\u00e1 o filho prop\u00f5e revisionismo hist\u00f3rico sobre ditadura e chama ex-combatentes de esquerda de assassinos.<\/p>\n<p>Bolsonaro j\u00e1 defendeu a tortura e disse que o regime militar entre 1964-1985 no Brasil n\u00e3o foi uma ditadura, o que contraria os fatos hist\u00f3ricos. O presidente apoia o movimento Escola sem Partido que tem entre suas premissas mostrar os supostos dois lados dos conte\u00fados ensinados na escola.<\/p>\n<p>Eduardo Bolsonaro publicou no Twitter mensagens em que afirma que a ditadura militar \u00e9 mal retratada pelos livros did\u00e1ticos. &#8220;Um povo sem mem\u00f3ria \u00e9 um povo sem cultura, fraco. Se continuarmos no nosso marasmo os livros escolares seguir\u00e3o botando assassinos como her\u00f3is e militares como fac\u00ednoras.&#8221;<\/p>\n<p>Ele diz que o Brasil precisa ser passado a limpo. &#8220;Os militares sa\u00edram em 1985 e at\u00e9 hoje vejo mat\u00e9rias na imprensa mentido sobre o que foi aquele per\u00edodo, s\u00f3 p\/ enaltecer a PTzada&#8221;.<\/p>\n<p>No Instagram, o presidente compartilhou uma publica\u00e7\u00e3o de um usu\u00e1rio que afirma que: &#8220;o jornalismo brasileiro est\u00e1 tentando arrumar picuinhas com as decis\u00f5es do @jairbolsonaro sobre a educa\u00e7\u00e3o no Brasil. Esse mesmo jornalismo ignorou completamente isso aqui&#8221;. Ap\u00f3s a frase, aparecem reprodu\u00e7\u00f5es de supostas p\u00e1ginas de livros did\u00e1ticos citando o socialismo, uma foto do que seria o centro de difus\u00e3o do comunismo em uma universidade federal. Outra imagem \u00e9 de uma reportagem da revista Veja em que aparece a foto de Che Guevara.<\/p>\n<p>A revis\u00e3o de livros did\u00e1ticos como forma de combate a supostas doutrina\u00e7\u00f5es de esquerda ser\u00e1 um dos focos do governo e tem sido articulada desde antes da posse do presidente e do ministro, Ricardo V\u00e9lez Rodriguez. Essa \u00e9 a principal agendas na \u00e1rea de Educa\u00e7\u00e3o do governo Bolsonaro.<\/p>\n<p>A Folha de S.Paulo revelou na quarta-feira (10) um edital para compra de livros did\u00e1ticos foi alterado e deixou de exigir das editoras obras com refer\u00eancias bibliogr\u00e1ficas e o compromisso com a agenda da n\u00e3o viol\u00eancia contra as mulheres, promo\u00e7\u00e3o das culturas quilombolas e dos povos do campo. As obras poderiam ter erros tamb\u00e9m.<\/p>\n<p>Ap\u00f3s a repercuss\u00e3o negativa, o governo soltou nota afirmando que suspendeu a nova vers\u00e3o e que a culpa era do governo Michel Temer. J\u00e1 o ex-ministro da Educa\u00e7\u00e3o negou a autoria das modifica\u00e7\u00f5es.<\/p>\n<p>Depois, o governo instalou uma sindic\u00e2ncia com o objetivo de, segundo o MEC, apurar algum erro ou troca de vers\u00f5es. Esse erro teria feito com que o texto que suprimia exatamente esses trechos acabasse publicado, de modo equivocado.<\/p>\n<p>&nbsp;<\/p>\n<p>Folhapress<\/p>\n","protected":false},"excerpt":{"rendered":"<p>Ap\u00f3s o Minist\u00e9rio da Educa\u00e7\u00e3o anular um pol\u00eamico edital de livros did\u00e1ticos, o presidente, Jair Bolsonaro (PSL), e seu filho deputado federal, Eduardo (PSL-SP), fizeram&hellip; <\/p>\n","protected":false},"author":1,"featured_media":80804,"comment_status":"closed","ping_status":"closed","sticky":false,"template":"","format":"standard","meta":{"sfsi_plus_gutenberg_text_before_share":"","sfsi_plus_gutenberg_show_text_before_share":"","sfsi_plus_gutenberg_icon_type":"","sfsi_plus_gutenberg_icon_alignemt":"","sfsi_plus_gutenburg_max_per_row":"","footnotes":""},"categories":[11],"tags":[],"class_list":["post-80803","post","type-post","status-publish","format-standard","has-post-thumbnail","hentry","category-politica"],"_links":{"self":[{"href":"https:\/\/www.caririemacao.com\/1\/wp-json\/wp\/v2\/posts\/80803","targetHints":{"allow":["GET"]}}],"collection":[{"href":"https:\/\/www.caririemacao.com\/1\/wp-json\/wp\/v2\/posts"}],"about":[{"href":"https:\/\/www.caririemacao.com\/1\/wp-json\/wp\/v2\/types\/post"}],"author":[{"embeddable":true,"href":"https:\/\/www.caririemacao.com\/1\/wp-json\/wp\/v2\/users\/1"}],"replies":[{"embeddable":true,"href":"https:\/\/www.caririemacao.com\/1\/wp-json\/wp\/v2\/comments?post=80803"}],"version-history":[{"count":1,"href":"https:\/\/www.caririemacao.com\/1\/wp-json\/wp\/v2\/posts\/80803\/revisions"}],"predecessor-version":[{"id":80805,"href":"https:\/\/www.caririemacao.com\/1\/wp-json\/wp\/v2\/posts\/80803\/revisions\/80805"}],"wp:featuredmedia":[{"embeddable":true,"href":"https:\/\/www.caririemacao.com\/1\/wp-json\/wp\/v2\/media\/80804"}],"wp:attachment":[{"href":"https:\/\/www.caririemacao.com\/1\/wp-json\/wp\/v2\/media?parent=80803"}],"wp:term":[{"taxonomy":"category","embeddable":true,"href":"https:\/\/www.caririemacao.com\/1\/wp-json\/wp\/v2\/categories?post=80803"},{"taxonomy":"post_tag","embeddable":true,"href":"https:\/\/www.caririemacao.com\/1\/wp-json\/wp\/v2\/tags?post=80803"}],"curies":[{"name":"wp","href":"https:\/\/api.w.org\/{rel}","templated":true}]}}