{"id":80808,"date":"2019-01-11T08:57:46","date_gmt":"2019-01-11T11:57:46","guid":{"rendered":"http:\/\/www.caririemacao.com\/1\/?p=80808"},"modified":"2019-01-11T08:57:46","modified_gmt":"2019-01-11T11:57:46","slug":"paraibano-sergio-queiroz-toma-posse-em-secretaria-de-protecao-global-do-governo-federal-nesta-sexta-feira","status":"publish","type":"post","link":"https:\/\/www.caririemacao.com\/1\/2019\/01\/11\/paraibano-sergio-queiroz-toma-posse-em-secretaria-de-protecao-global-do-governo-federal-nesta-sexta-feira\/","title":{"rendered":"Paraibano S\u00e9rgio Queiroz toma posse em Secretaria de Prote\u00e7\u00e3o Global do Governo Federal nesta sexta-feira"},"content":{"rendered":"<p>O procurador da Fazenda Nacional em Jo\u00e3o Pessoa, S\u00e9rgio Queiroz, indicado para ser o titular da Secretaria de Prote\u00e7\u00e3o Global do governo do presidente Jair Bolsonaro, dever\u00e1 tomar posse do cargo na manh\u00e3 desta sexta-feira (11). A informa\u00e7\u00e3o foi confirmada pelo pr\u00f3prio S\u00e9rgio Queiroz \u00e0 reportagem do portal\u00a0Pol\u00eamica Para\u00edba.<\/p>\n<p>A indica\u00e7\u00e3o de S\u00e9rgio Queiroz para a Secretaria Nacional de Prote\u00e7\u00e3o Global aconteceu na \u00faltima quarta-feira (02), pela ministra Damares Alves, do Minist\u00e9rio da\u00a0Mulher, Fam\u00edlia e Direitos Humanos. Por meio de nota, ap\u00f3s a indica\u00e7\u00e3o, ele disse que vai desenvolver um trabalho voltado para a educa\u00e7\u00e3o e os Direitos Humanos \u2018sem vi\u00e9s ideol\u00f3gico\u2019.<\/p>\n<p>\u201cA Secretaria Nacional de Prote\u00e7\u00e3o Global (\u2026)\u00a0 cuidar\u00e1 de educa\u00e7\u00e3o para direitos humanos sem vi\u00e9s ideol\u00f3gico, al\u00e9m de combate \u00e0 tortura, cuidado com moradores de rua, reabilita\u00e7\u00e3o de dependentes qu\u00edmicos, ressocializa\u00e7\u00e3o de presos, combate ao trabalho escravo, prote\u00e7\u00e3o \u00e0s minorias (tamb\u00e9m sem vi\u00e9s ideol\u00f3gico), prote\u00e7\u00e3o \u00e0s popula\u00e7\u00f5es em situa\u00e7\u00e3o de risco, parcerias internacionais em direitos humanos, assim como o cuidado com os moradores do semi\u00e1rido (o acesso a \u00e1gua ser\u00e1 tratado como direito humano), dentre outros temas importantes e sens\u00edveis\u201d, enfatizou o procurador.<\/p>\n<p>S\u00e9rgio Queiroz fez parte da transi\u00e7\u00e3o do Governo Federal por indica\u00e7\u00e3o do deputado federal paraibano Julian Lemos (PSL), eleito em outubro. Durante esse per\u00edodo, ele se destacou entre os integrantes da equipe de transi\u00e7\u00e3o e foi convidado pela ministra Damares Alves a ocupar o cargo do qual tomar\u00e1 posse nesta sexta-feira.<\/p>\n<p><strong>Biografia<\/strong><\/p>\n<p>O paraibano S\u00e9rgio Queiroz tem gradua\u00e7\u00e3o\u00a0 em engenharia civil, engenharia de seguran\u00e7a no trabalho e em direito pela Universidade Federal da Para\u00edba (UFPB). Ele tamb\u00e9m possui o t\u00edtulo de Mestre em Filosofia pela UFPB.<\/p>\n<div>S\u00e9rgio tamb\u00e9m \u00e9 doutor em teologia e pastor da Igreja Cidade Viva. Ele ainda aplica sua atua\u00e7\u00e3o social na Funda\u00e7\u00e3o Cidade Viva, ligada \u00e0 igreja, e mant\u00e9m trabalhos voltados \u00e0 inclus\u00e3o de pessoas \u00e0 margem da sociedade, como dependentes qu\u00edmicos.<\/div>\n<p>O pastor S\u00e9rgio Queiroz \u00e9 casado com Samara Vieira Rocha Queiroz, e \u00e9 pai de tr\u00eas filhos (duas mulheres e um homem).<\/p>\n<p><br clear=\"all\" \/><br clear=\"all\" \/><\/p>\n<p>Pol\u00eamica Para\u00edba<\/p>\n","protected":false},"excerpt":{"rendered":"<p>O procurador da Fazenda Nacional em Jo\u00e3o Pessoa, S\u00e9rgio Queiroz, indicado para ser o titular da Secretaria de Prote\u00e7\u00e3o Global do governo do presidente Jair&hellip; <\/p>\n","protected":false},"author":1,"featured_media":80809,"comment_status":"closed","ping_status":"closed","sticky":false,"template":"","format":"standard","meta":{"sfsi_plus_gutenberg_text_before_share":"","sfsi_plus_gutenberg_show_text_before_share":"","sfsi_plus_gutenberg_icon_type":"","sfsi_plus_gutenberg_icon_alignemt":"","sfsi_plus_gutenburg_max_per_row":"","footnotes":""},"categories":[11],"tags":[],"class_list":["post-80808","post","type-post","status-publish","format-standard","has-post-thumbnail","hentry","category-politica"],"_links":{"self":[{"href":"https:\/\/www.caririemacao.com\/1\/wp-json\/wp\/v2\/posts\/80808","targetHints":{"allow":["GET"]}}],"collection":[{"href":"https:\/\/www.caririemacao.com\/1\/wp-json\/wp\/v2\/posts"}],"about":[{"href":"https:\/\/www.caririemacao.com\/1\/wp-json\/wp\/v2\/types\/post"}],"author":[{"embeddable":true,"href":"https:\/\/www.caririemacao.com\/1\/wp-json\/wp\/v2\/users\/1"}],"replies":[{"embeddable":true,"href":"https:\/\/www.caririemacao.com\/1\/wp-json\/wp\/v2\/comments?post=80808"}],"version-history":[{"count":1,"href":"https:\/\/www.caririemacao.com\/1\/wp-json\/wp\/v2\/posts\/80808\/revisions"}],"predecessor-version":[{"id":80810,"href":"https:\/\/www.caririemacao.com\/1\/wp-json\/wp\/v2\/posts\/80808\/revisions\/80810"}],"wp:featuredmedia":[{"embeddable":true,"href":"https:\/\/www.caririemacao.com\/1\/wp-json\/wp\/v2\/media\/80809"}],"wp:attachment":[{"href":"https:\/\/www.caririemacao.com\/1\/wp-json\/wp\/v2\/media?parent=80808"}],"wp:term":[{"taxonomy":"category","embeddable":true,"href":"https:\/\/www.caririemacao.com\/1\/wp-json\/wp\/v2\/categories?post=80808"},{"taxonomy":"post_tag","embeddable":true,"href":"https:\/\/www.caririemacao.com\/1\/wp-json\/wp\/v2\/tags?post=80808"}],"curies":[{"name":"wp","href":"https:\/\/api.w.org\/{rel}","templated":true}]}}