{"id":80811,"date":"2019-01-11T09:17:51","date_gmt":"2019-01-11T12:17:51","guid":{"rendered":"http:\/\/www.caririemacao.com\/1\/?p=80811"},"modified":"2019-01-11T09:17:51","modified_gmt":"2019-01-11T12:17:51","slug":"marcos-pontes-vai-buscar-mais-recursos-para-o-programa-espacial-brasileiro","status":"publish","type":"post","link":"https:\/\/www.caririemacao.com\/1\/2019\/01\/11\/marcos-pontes-vai-buscar-mais-recursos-para-o-programa-espacial-brasileiro\/","title":{"rendered":"Marcos Pontes vai buscar mais recursos para o Programa Espacial Brasileiro"},"content":{"rendered":"<p>A Ag\u00eancia Espacial Brasileira n\u00e3o tem tido o sucesso que poderia ter por causa da falta de investimento no setor, nos \u00faltimos anos.<\/p>\n<p>&nbsp;<\/p>\n<p>A opini\u00e3o \u00e9 do ministro da Ci\u00eancia e Tecnologia, Marcos Pontes. Em entrevista ao site do Planalto, ele disse que pretende buscar mais recursos para o Programa Espacial Brasileiro.<\/p>\n<p>&nbsp;<\/p>\n<p>O ministro tamb\u00e9m citou tr\u00eas prioridades para sua gest\u00e3o:\u00a0 a cria\u00e7\u00e3o &#8211; junto com outros minist\u00e9rios &#8211;\u00a0 de uma ferramenta de suporte t\u00e9cnico para desenvolvimento de sistemas para dessaliniza\u00e7\u00e3o de \u00e1gua, a amplia\u00e7\u00e3o da internet banda larga para \u00e1reas remotas do pa\u00eds e o ensino de ci\u00eancia e tecnologia nas escolas de n\u00edvel fundamental e m\u00e9dio.<\/p>\n<p>&nbsp;<\/p>\n<p>O ministro falou ainda do papel da Financiadora de Estudos e Projetos (Finep), empresa p\u00fablica de incentivo a estudos e projetos cient\u00edficos. Disse que a ideia \u00e9 abrir para parcerias com o setor privado para auxiliar e financiar novas ideias na \u00e1rea de pesquisa.<\/p>\n<p>&nbsp;<\/p>\n<p>Segundo Marcos Pontes, a inten\u00e7\u00e3o \u00e9 criar um ambiente de neg\u00f3cios prop\u00edcios para as empresas do pa\u00eds que trabalhem com tecnologia.<\/p>\n<p>&nbsp;<\/p>\n<p>EBC<\/p>\n","protected":false},"excerpt":{"rendered":"<p>A Ag\u00eancia Espacial Brasileira n\u00e3o tem tido o sucesso que poderia ter por causa da falta de investimento no setor, nos \u00faltimos anos. &nbsp; A&hellip; <\/p>\n","protected":false},"author":1,"featured_media":80812,"comment_status":"closed","ping_status":"closed","sticky":false,"template":"","format":"standard","meta":{"sfsi_plus_gutenberg_text_before_share":"","sfsi_plus_gutenberg_show_text_before_share":"","sfsi_plus_gutenberg_icon_type":"","sfsi_plus_gutenberg_icon_alignemt":"","sfsi_plus_gutenburg_max_per_row":"","footnotes":""},"categories":[11],"tags":[],"class_list":["post-80811","post","type-post","status-publish","format-standard","has-post-thumbnail","hentry","category-politica"],"_links":{"self":[{"href":"https:\/\/www.caririemacao.com\/1\/wp-json\/wp\/v2\/posts\/80811","targetHints":{"allow":["GET"]}}],"collection":[{"href":"https:\/\/www.caririemacao.com\/1\/wp-json\/wp\/v2\/posts"}],"about":[{"href":"https:\/\/www.caririemacao.com\/1\/wp-json\/wp\/v2\/types\/post"}],"author":[{"embeddable":true,"href":"https:\/\/www.caririemacao.com\/1\/wp-json\/wp\/v2\/users\/1"}],"replies":[{"embeddable":true,"href":"https:\/\/www.caririemacao.com\/1\/wp-json\/wp\/v2\/comments?post=80811"}],"version-history":[{"count":1,"href":"https:\/\/www.caririemacao.com\/1\/wp-json\/wp\/v2\/posts\/80811\/revisions"}],"predecessor-version":[{"id":80813,"href":"https:\/\/www.caririemacao.com\/1\/wp-json\/wp\/v2\/posts\/80811\/revisions\/80813"}],"wp:featuredmedia":[{"embeddable":true,"href":"https:\/\/www.caririemacao.com\/1\/wp-json\/wp\/v2\/media\/80812"}],"wp:attachment":[{"href":"https:\/\/www.caririemacao.com\/1\/wp-json\/wp\/v2\/media?parent=80811"}],"wp:term":[{"taxonomy":"category","embeddable":true,"href":"https:\/\/www.caririemacao.com\/1\/wp-json\/wp\/v2\/categories?post=80811"},{"taxonomy":"post_tag","embeddable":true,"href":"https:\/\/www.caririemacao.com\/1\/wp-json\/wp\/v2\/tags?post=80811"}],"curies":[{"name":"wp","href":"https:\/\/api.w.org\/{rel}","templated":true}]}}