{"id":80814,"date":"2019-01-11T09:20:33","date_gmt":"2019-01-11T12:20:33","guid":{"rendered":"http:\/\/www.caririemacao.com\/1\/?p=80814"},"modified":"2019-01-11T09:20:33","modified_gmt":"2019-01-11T12:20:33","slug":"justica-federal-fara-inspecoes-nas-varas-de-monteiro-e-de-outros-5-municipios","status":"publish","type":"post","link":"https:\/\/www.caririemacao.com\/1\/2019\/01\/11\/justica-federal-fara-inspecoes-nas-varas-de-monteiro-e-de-outros-5-municipios\/","title":{"rendered":"Justi\u00e7a Federal far\u00e1 inspe\u00e7\u00f5es nas Varas de Monteiro e de outros 5 munic\u00edpios"},"content":{"rendered":"<p>A Justi\u00e7a Federal na Para\u00edba (JFPB) come\u00e7ar\u00e1, ainda neste m\u00eas, a inspecionar as Varas que comp\u00f5em a Se\u00e7\u00e3o Judici\u00e1ria do Estado, conforme o Edital n\u00ba 11\/2018, que prev\u00ea as vistorias programadas para este ano. Os trabalhos ser\u00e3o iniciados em Monteiro e seguem at\u00e9 junho. Confira o calend\u00e1rio com as datas de fiscaliza\u00e7\u00e3o de todas as Varas:<\/p>\n<p>29\/01 a 1\u00ba de fevereiro: 11\u00aa (Monteiro)<\/p>\n<p>04 a 08 de fevereiro: 7\u00aa (Jo\u00e3o Pessoa)<\/p>\n<p>18 a 22 de mar\u00e7o: Turma Recursal (Jo\u00e3o Pessoa) e 15\u00aa (Sousa)<\/p>\n<p>25 a 29 de mar\u00e7o: 4\u00aa (Campina Grande)<\/p>\n<p>1\u00ba a 05 de abril: 6\u00aa e 10\u00aa (Campina Grande); 13\u00aa (Jo\u00e3o Pessoa); 14\u00aa (Patos)<\/p>\n<p>06 a 10 de maio: 1\u00aa, 2\u00aa e 5\u00aa (Jo\u00e3o Pessoa); 9\u00aa (Campina Grande); 12\u00aa (Guarabira)<\/p>\n<p>03 a 07 de junho: 3\u00aa (Jo\u00e3o Pessoa) e 8\u00aa (Sousa)<\/p>\n<p>10 a 14 de junho: 16\u00aa (Jo\u00e3o Pessoa)<\/p>\n<p>No per\u00edodo de inspe\u00e7\u00e3o, n\u00e3o haver\u00e1 interrup\u00e7\u00e3o da distribui\u00e7\u00e3o, no entanto ser\u00e3o suspensos o atendimento \u00e0s partes, os prazos processuais e a realiza\u00e7\u00e3o das audi\u00eancias. Ser\u00e3o atendidos somente os casos urgentes (pedidos, a\u00e7\u00f5es, procedimentos e medidas), destinados a evitar perecimento de direitos ou assegurar a liberdade de locomo\u00e7\u00e3o.<\/p>\n","protected":false},"excerpt":{"rendered":"<p>A Justi\u00e7a Federal na Para\u00edba (JFPB) come\u00e7ar\u00e1, ainda neste m\u00eas, a inspecionar as Varas que comp\u00f5em a Se\u00e7\u00e3o Judici\u00e1ria do Estado, conforme o Edital n\u00ba&hellip; <\/p>\n","protected":false},"author":1,"featured_media":80815,"comment_status":"closed","ping_status":"closed","sticky":false,"template":"","format":"standard","meta":{"sfsi_plus_gutenberg_text_before_share":"","sfsi_plus_gutenberg_show_text_before_share":"","sfsi_plus_gutenberg_icon_type":"","sfsi_plus_gutenberg_icon_alignemt":"","sfsi_plus_gutenburg_max_per_row":"","footnotes":""},"categories":[2],"tags":[],"class_list":["post-80814","post","type-post","status-publish","format-standard","has-post-thumbnail","hentry","category-geral"],"_links":{"self":[{"href":"https:\/\/www.caririemacao.com\/1\/wp-json\/wp\/v2\/posts\/80814","targetHints":{"allow":["GET"]}}],"collection":[{"href":"https:\/\/www.caririemacao.com\/1\/wp-json\/wp\/v2\/posts"}],"about":[{"href":"https:\/\/www.caririemacao.com\/1\/wp-json\/wp\/v2\/types\/post"}],"author":[{"embeddable":true,"href":"https:\/\/www.caririemacao.com\/1\/wp-json\/wp\/v2\/users\/1"}],"replies":[{"embeddable":true,"href":"https:\/\/www.caririemacao.com\/1\/wp-json\/wp\/v2\/comments?post=80814"}],"version-history":[{"count":1,"href":"https:\/\/www.caririemacao.com\/1\/wp-json\/wp\/v2\/posts\/80814\/revisions"}],"predecessor-version":[{"id":80816,"href":"https:\/\/www.caririemacao.com\/1\/wp-json\/wp\/v2\/posts\/80814\/revisions\/80816"}],"wp:featuredmedia":[{"embeddable":true,"href":"https:\/\/www.caririemacao.com\/1\/wp-json\/wp\/v2\/media\/80815"}],"wp:attachment":[{"href":"https:\/\/www.caririemacao.com\/1\/wp-json\/wp\/v2\/media?parent=80814"}],"wp:term":[{"taxonomy":"category","embeddable":true,"href":"https:\/\/www.caririemacao.com\/1\/wp-json\/wp\/v2\/categories?post=80814"},{"taxonomy":"post_tag","embeddable":true,"href":"https:\/\/www.caririemacao.com\/1\/wp-json\/wp\/v2\/tags?post=80814"}],"curies":[{"name":"wp","href":"https:\/\/api.w.org\/{rel}","templated":true}]}}