{"id":80817,"date":"2019-01-11T09:29:20","date_gmt":"2019-01-11T12:29:20","guid":{"rendered":"http:\/\/www.caririemacao.com\/1\/?p=80817"},"modified":"2019-01-11T09:29:20","modified_gmt":"2019-01-11T12:29:20","slug":"acude-de-boqueirao-esta-ha-quase-240-dias-sem-receber-recargas-de-agua","status":"publish","type":"post","link":"https:\/\/www.caririemacao.com\/1\/2019\/01\/11\/acude-de-boqueirao-esta-ha-quase-240-dias-sem-receber-recargas-de-agua\/","title":{"rendered":"A\u00e7ude de Boqueir\u00e3o est\u00e1 h\u00e1 quase 240 dias sem receber recargas de \u00e1gua"},"content":{"rendered":"<p><img decoding=\"async\" class=\"cycle-slide lazyload\" data-src=\"http:\/\/caririligado.com.br\/wp-content\/themes\/cariri-ligado\/timthumb.php?src=http:\/\/caririligado.com.br\/wp-content\/uploads\/2019\/01\/acude_boqueirao.jpg&amp;w=547&amp;h=398&amp;zc=1\" alt=\"A\u00e7ude de Boqueir\u00e3o est\u00e1 h\u00e1 quase 240 dias sem receber recargas de \u00e1gua\" width=\"547\" src=\"data:image\/svg+xml;base64,PHN2ZyB3aWR0aD0iMSIgaGVpZ2h0PSIxIiB4bWxucz0iaHR0cDovL3d3dy53My5vcmcvMjAwMC9zdmciPjwvc3ZnPg==\" \/><\/p>\n<p>O volume de \u00e1gua no a\u00e7ude Epit\u00e1cio Pessoa, conhecido como a\u00e7ude de Boqueir\u00e3o, no Cariri paraibano, est\u00e1 sem recarga h\u00e1 238 dias consecutivos. Os dados da Ag\u00eancia Executiva de Gest\u00e3o das \u00c1guas da Para\u00edba (Aesa) mostram que, em 17 de maio, o a\u00e7ude estava com 35,45% da capacidade total. J\u00e1 at\u00e9 a quinta-feira (10) o volume estava em 21,83%.<\/p>\n<p>A queda no volume come\u00e7ou depois que o a\u00e7ude deixou de receber recargas das \u00e1guas da transposi\u00e7\u00e3o do Rio S\u00e3o Francisco (eixo leste), o que ocorreu em 4 de abril de 2018, por causa da necessidade de conclus\u00e3o de obras nos a\u00e7udes de Monteiro e Camala\u00fa.<\/p>\n<p>Ainda de acordo com o dados da Aesa, em 17 de maio de 2018 o volume era de 145,9 milh\u00f5es de m\u00b3 de \u00e1gua. E nesta quinta-feira a medi\u00e7\u00e3o feita pela manh\u00e3 mostra que ele est\u00e1 com 89,8 milh\u00f5es de m\u00b3. A diferen\u00e7a do que diminuiu, durante esse tempo \u00e9 de 56 milh\u00f5es de m\u00b3.<\/p>\n<p>Al\u00e9m do consumo de \u00e1gua da popula\u00e7\u00e3o de Campina Grande e outros 18 munic\u00edpios do Agreste paraibano, Boqueir\u00e3o tem perdido \u00e1gua atrav\u00e9s da evapora\u00e7\u00e3o e tamb\u00e9m est\u00e1 com as comportas abertas para permitir que a \u00e1gua chegue ao a\u00e7ude de Acau\u00e3, atrav\u00e9s do Rio Para\u00edba, para atender a outras cidades.<\/p>\n<p><strong>Sem risco de racionamento<\/strong><br \/>\nApesar da redu\u00e7\u00e3o di\u00e1ria na l\u00e2mina d\u2019\u00e1gua, a Companhia de \u00c1guas e Esgotos do Estado da Para\u00edba (Cagepa), garante que a situa\u00e7\u00e3o est\u00e1 tranquila em rela\u00e7\u00e3o ao abastecimento da popula\u00e7\u00e3o. O gerente regional Ronaldo Menezes, explica que tudo est\u00e1 sendo acompanhado e que a seguran\u00e7a \u00e9 garantida pelos estudos feitos desde o per\u00edodo de crise.<\/p>\n<p>\u201cN\u00f3s temos um passado recente da maior crise, quando o a\u00e7ude chegou ao pior volume (2,9%). Depois disso o melhor volume que atingimos foi 35,6%. Hoje estamos com 21%. Vale destacar que s\u00f3 teremos racionamento se o volume do a\u00e7ude baixar para menos de 8,2%. Hoje estamos longe desse n\u00edvel e com a transposi\u00e7\u00e3o, temos uma situa\u00e7\u00e3o tranquila\u201d, disse ele.<\/p>\n<p>O gerente tamb\u00e9m ressaltou que a \u00e1gua da transposi\u00e7\u00e3o do Rio S\u00e3o Francisco tem como prioridade garantir o abastecimento humano e n\u00e3o, obrigatoriamente, encher os a\u00e7udes at\u00e9 o volume m\u00e1ximo. Entretanto, mesmo n\u00e3o tendo risco de racionamento, o gerente da Cagepa diz que a popula\u00e7\u00e3o deve fazer um uso racional da \u00e1gua. \u201cN\u00e3o podemos esquecer o que passamos na crise. Hoje est\u00e1 tranquilo, mas precisamos pensar no amanh\u00e3\u201d, disse.<\/p>\n<p>A Cagepa tamb\u00e9m alerta a popula\u00e7\u00e3o para informar sobre vazamentos de \u00e1gua, para evitar desperd\u00edcio. Os comunicados podem ser feitos atrav\u00e9s do telefone 115. Esse mesmo telefone pode ser usado para den\u00fancia de furto de \u00e1gua, pratica conhecida popularmente como \u201cgato de \u00e1gua\u201d.<\/p>\n<p><strong>Transposi\u00e7\u00e3o<\/strong><br \/>\nAs obras complementares no a\u00e7ude de Camala\u00fa ainda n\u00e3o foram conclu\u00eddas, mas a Ag\u00eancia Executiva de Gest\u00e3o das \u00c1guas da Para\u00edba est\u00e1 liberando a passagem da \u00e1gua para o a\u00e7ude de Boqueir\u00e3o atrav\u00e9s da descarga de fundo antiga.<\/p>\n<p>Segundo o presidente da Aesa, Porf\u00edrio Loureiro, nesta quarta-feira a \u00e1gua j\u00e1 estava no munic\u00edpio de Cara\u00fabas, a caminho de Boqueir\u00e3o. A vaz\u00e3o atual, segundo ele, \u00e9 de cerca de 2 m\u00b3 por segundo. Existe uma previs\u00e3o de que a \u00e1gua chegue em 30 dias. Por\u00e9m, isso pode acontecer antes, caso ocorram chuvas.<\/p>\n<p><strong>Chuvas<\/strong><br \/>\nAinda de acordo com a Aesa, existe uma expectativa de que o a\u00e7ude tenha boas recargas com chuvas, tendo em vista que o per\u00edodo da esta\u00e7\u00e3o de chuvas da regi\u00e3o do Cariri come\u00e7a no m\u00eas de fevereiro. Ainda esse m\u00eas a Aesa vai participar de uma reuni\u00e3o regional onde ser\u00e3o divulgadas as previs\u00f5es clim\u00e1ticas para o primeiro trimestre na Para\u00edba.<\/p>\n","protected":false},"excerpt":{"rendered":"<p>O volume de \u00e1gua no a\u00e7ude Epit\u00e1cio Pessoa, conhecido como a\u00e7ude de Boqueir\u00e3o, no Cariri paraibano, est\u00e1 sem recarga h\u00e1 238 dias consecutivos. Os dados&hellip; <\/p>\n","protected":false},"author":1,"featured_media":80818,"comment_status":"closed","ping_status":"closed","sticky":false,"template":"","format":"standard","meta":{"sfsi_plus_gutenberg_text_before_share":"","sfsi_plus_gutenberg_show_text_before_share":"","sfsi_plus_gutenberg_icon_type":"","sfsi_plus_gutenberg_icon_alignemt":"","sfsi_plus_gutenburg_max_per_row":"","footnotes":""},"categories":[6],"tags":[],"class_list":["post-80817","post","type-post","status-publish","format-standard","has-post-thumbnail","hentry","category-cidades"],"_links":{"self":[{"href":"https:\/\/www.caririemacao.com\/1\/wp-json\/wp\/v2\/posts\/80817","targetHints":{"allow":["GET"]}}],"collection":[{"href":"https:\/\/www.caririemacao.com\/1\/wp-json\/wp\/v2\/posts"}],"about":[{"href":"https:\/\/www.caririemacao.com\/1\/wp-json\/wp\/v2\/types\/post"}],"author":[{"embeddable":true,"href":"https:\/\/www.caririemacao.com\/1\/wp-json\/wp\/v2\/users\/1"}],"replies":[{"embeddable":true,"href":"https:\/\/www.caririemacao.com\/1\/wp-json\/wp\/v2\/comments?post=80817"}],"version-history":[{"count":1,"href":"https:\/\/www.caririemacao.com\/1\/wp-json\/wp\/v2\/posts\/80817\/revisions"}],"predecessor-version":[{"id":80819,"href":"https:\/\/www.caririemacao.com\/1\/wp-json\/wp\/v2\/posts\/80817\/revisions\/80819"}],"wp:featuredmedia":[{"embeddable":true,"href":"https:\/\/www.caririemacao.com\/1\/wp-json\/wp\/v2\/media\/80818"}],"wp:attachment":[{"href":"https:\/\/www.caririemacao.com\/1\/wp-json\/wp\/v2\/media?parent=80817"}],"wp:term":[{"taxonomy":"category","embeddable":true,"href":"https:\/\/www.caririemacao.com\/1\/wp-json\/wp\/v2\/categories?post=80817"},{"taxonomy":"post_tag","embeddable":true,"href":"https:\/\/www.caririemacao.com\/1\/wp-json\/wp\/v2\/tags?post=80817"}],"curies":[{"name":"wp","href":"https:\/\/api.w.org\/{rel}","templated":true}]}}