{"id":80820,"date":"2019-01-11T09:31:24","date_gmt":"2019-01-11T12:31:24","guid":{"rendered":"http:\/\/www.caririemacao.com\/1\/?p=80820"},"modified":"2019-01-11T09:31:24","modified_gmt":"2019-01-11T12:31:24","slug":"flamengo-supera-ajax-nos-penaltis-pelo-torneio-da-florida","status":"publish","type":"post","link":"https:\/\/www.caririemacao.com\/1\/2019\/01\/11\/flamengo-supera-ajax-nos-penaltis-pelo-torneio-da-florida\/","title":{"rendered":"Flamengo supera Ajax nos p\u00eanaltis pelo Torneio da Fl\u00f3rida"},"content":{"rendered":"<p>Foi um primeiro jogo apenas para aquecer. Mas j\u00e1 teve comemora\u00e7\u00e3o. Ap\u00f3s 2 a 2 no tempo normal, o Flamengo levou a melhor sobre o Ajax nos p\u00eanaltis (4 a 3) e ficou com o ponto extra da partida, v\u00e1lida pelo Torneio da Fl\u00f3rida. Amanh\u00e3, \u00e0s 19h (de Bras\u00edlia), enfrenta o Eintracht Frankfurt, que, tamb\u00e9m ontem, venceu o S\u00e3o Paulo (2 a 1). Os dois decidir\u00e3o a competi\u00e7\u00e3o.<\/p>\n<p>O primeiro tempo \u2014 com a base do que deve ser o time titular da temporada \u2014 deu pistas do que o torcedor deve ver em 2019. Esque\u00e7a a equipe que valorizava a posse de bola e a fazia girar at\u00e9 achar espa\u00e7o. Com Abel, o Flamengo jogou da mesma forma que o Flu de 2017, tamb\u00e9m treinado pelo t\u00e9cnico.<\/p>\n<p>Vertical com a bola nos p\u00e9s, o Rubro-Negro atacou de forma r\u00e1pida. A correria e os passes longos se tornaram mais frequentes. Os destaques foram \u00c9verton Ribeiro, que manteve a boa leitura, e Uribe, autor de dois gols. O colombiano contou com a colabora\u00e7\u00e3o do goleiro Lamprou, que falhou nas jogadas. De quebra, mostrou servi\u00e7o na chegada de Gabigol.<\/p>\n<p>\u2014 O importante \u00e9 o time. Independentemente do nome que jogar \u2014 disse.<\/p>\n<p>Com boas defesas, Diego Alves fez sua primeira partida ap\u00f3s voltar do afastamento. E foi bastante exigido, j\u00e1 que a defesa permitiu ao Ajax trocar passes com tranquilidade e marcar dois gols.<\/p>\n<p>Na etapa final, todos os jogadores de linha foram trocados. Rodrigo Caio estreou sob sufoco, j\u00e1 que os reservas rubro-negros s\u00f3 se defenderam. A estrat\u00e9gia levou o jogo para os p\u00eanaltis. Piris, Rodinei, Trauco e Berr\u00edo converteram, o que Veltman e Magall\u00e1n n\u00e3o conseguiram. Melhor para o Flamengo.<\/p>\n<p>&nbsp;<\/p>\n<p><strong><em>Extra<\/em><\/strong><\/p>\n","protected":false},"excerpt":{"rendered":"<p>Foi um primeiro jogo apenas para aquecer. Mas j\u00e1 teve comemora\u00e7\u00e3o. Ap\u00f3s 2 a 2 no tempo normal, o Flamengo levou a melhor sobre o&hellip; <\/p>\n","protected":false},"author":1,"featured_media":80821,"comment_status":"closed","ping_status":"closed","sticky":false,"template":"","format":"standard","meta":{"sfsi_plus_gutenberg_text_before_share":"","sfsi_plus_gutenberg_show_text_before_share":"","sfsi_plus_gutenberg_icon_type":"","sfsi_plus_gutenberg_icon_alignemt":"","sfsi_plus_gutenburg_max_per_row":"","footnotes":""},"categories":[13],"tags":[],"class_list":["post-80820","post","type-post","status-publish","format-standard","has-post-thumbnail","hentry","category-esportes"],"_links":{"self":[{"href":"https:\/\/www.caririemacao.com\/1\/wp-json\/wp\/v2\/posts\/80820","targetHints":{"allow":["GET"]}}],"collection":[{"href":"https:\/\/www.caririemacao.com\/1\/wp-json\/wp\/v2\/posts"}],"about":[{"href":"https:\/\/www.caririemacao.com\/1\/wp-json\/wp\/v2\/types\/post"}],"author":[{"embeddable":true,"href":"https:\/\/www.caririemacao.com\/1\/wp-json\/wp\/v2\/users\/1"}],"replies":[{"embeddable":true,"href":"https:\/\/www.caririemacao.com\/1\/wp-json\/wp\/v2\/comments?post=80820"}],"version-history":[{"count":1,"href":"https:\/\/www.caririemacao.com\/1\/wp-json\/wp\/v2\/posts\/80820\/revisions"}],"predecessor-version":[{"id":80822,"href":"https:\/\/www.caririemacao.com\/1\/wp-json\/wp\/v2\/posts\/80820\/revisions\/80822"}],"wp:featuredmedia":[{"embeddable":true,"href":"https:\/\/www.caririemacao.com\/1\/wp-json\/wp\/v2\/media\/80821"}],"wp:attachment":[{"href":"https:\/\/www.caririemacao.com\/1\/wp-json\/wp\/v2\/media?parent=80820"}],"wp:term":[{"taxonomy":"category","embeddable":true,"href":"https:\/\/www.caririemacao.com\/1\/wp-json\/wp\/v2\/categories?post=80820"},{"taxonomy":"post_tag","embeddable":true,"href":"https:\/\/www.caririemacao.com\/1\/wp-json\/wp\/v2\/tags?post=80820"}],"curies":[{"name":"wp","href":"https:\/\/api.w.org\/{rel}","templated":true}]}}