{"id":80824,"date":"2019-01-11T09:33:07","date_gmt":"2019-01-11T12:33:07","guid":{"rendered":"http:\/\/www.caririemacao.com\/1\/?p=80824"},"modified":"2019-01-11T09:33:07","modified_gmt":"2019-01-11T12:33:07","slug":"bolsonaro-defende-mudancas-na-legislacao-para-combater-a-violencia","status":"publish","type":"post","link":"https:\/\/www.caririemacao.com\/1\/2019\/01\/11\/bolsonaro-defende-mudancas-na-legislacao-para-combater-a-violencia\/","title":{"rendered":"Bolsonaro defende mudan\u00e7as na legisla\u00e7\u00e3o para combater a viol\u00eancia"},"content":{"rendered":"<p>O presidente Jair Bolsonaro defendeu\u00a0hoje\u00a0(11) mudan\u00e7as na legisla\u00e7\u00e3o com a participa\u00e7\u00e3o de todas as esferas de todos os Poderes e da imprensa para impedir o avan\u00e7o da viol\u00eancia no pa\u00eds. A afirma\u00e7\u00e3o foi feita em refer\u00eancia a um v\u00eddeo\u00a0que pode ser visto na conta pessoal de Bolsonaro no\u00a0Twitter.<\/p>\n<p>Nas imagens, aparece um pr\u00e9dio incendiado no Cear\u00e1 e uma voz masculina amea\u00e7ando o presidente com xingamentos. As amea\u00e7as fazem refer\u00eancia \u00e0s declara\u00e7\u00f5es de Bolsonaro no sentido de endurecer a pol\u00edtica de combate \u00e0 viol\u00eancia.<\/p>\n<p>\u201cNote a necessidade mais que urgente de se mudar a legisla\u00e7\u00e3o com participa\u00e7\u00e3o de todas as esferas de Poderes e Imprensa\u201d, esceveu o presidente destacando a palavra \u201cimprensa\u201d com letra mai\u00fascula.<\/p>\n<p>Ao se referir ao v\u00eddeo, Bolsonaro afirmou que a popula\u00e7\u00e3o precisa\u00a0ter\u00a0uma resposta urgente e que n\u00e3o aceita amea\u00e7as. \u201cN\u00e3o porque o marginal amea\u00e7a, citando meu nome, mas para mostrar ao povo ordeiros de que lado est\u00e3o o Executivo, Legislativo e Judici\u00e1rio.\u201d<\/p>\n<p>Minutos depois, em um novo tu\u00edte, o presidente destacou que os criminosos &#8220;sabem exatamente o que fazem&#8221;. &#8220;Combat\u00ea-los \u00e9 simples e r\u00e1pido, mas requer que os Poderes permitam mecanismos para realmente defender a popula\u00e7\u00e3o&#8221;, acrescentou. Segundo Bolsonaro, &#8220;\u00e9 necess\u00e1rio [adotar] a\u00e7\u00f5es para que os agentes de seguran\u00e7a possam dar a efetiva resposta&#8221;.<\/p>\n<h2>Ataques no Cear\u00e1<\/h2>\n<p>A onda de viol\u00eancia no Cear\u00e1 come\u00e7ou h\u00e1 mais de uma semana. Pr\u00e9dios e \u00f4nibus s\u00e3o incendiados, e\u00a0moradores temem sair \u00e0s ruas por causa dos riscos constantes.<\/p>\n<p>A For\u00e7a Nacional foi enviada \u00e0 regi\u00e3o para atuar com os agentes de seguran\u00e7a locais, assim como presos considerados mais perigosos foram transferidos para pres\u00eddios federais.<\/p>\n<p>&nbsp;<\/p>\n<p>&nbsp;<\/p>\n<p>EBC<\/p>\n","protected":false},"excerpt":{"rendered":"<p>O presidente Jair Bolsonaro defendeu\u00a0hoje\u00a0(11) mudan\u00e7as na legisla\u00e7\u00e3o com a participa\u00e7\u00e3o de todas as esferas de todos os Poderes e da imprensa para impedir o&hellip; <\/p>\n","protected":false},"author":1,"featured_media":80739,"comment_status":"closed","ping_status":"closed","sticky":false,"template":"","format":"standard","meta":{"sfsi_plus_gutenberg_text_before_share":"","sfsi_plus_gutenberg_show_text_before_share":"","sfsi_plus_gutenberg_icon_type":"","sfsi_plus_gutenberg_icon_alignemt":"","sfsi_plus_gutenburg_max_per_row":"","footnotes":""},"categories":[11],"tags":[],"class_list":["post-80824","post","type-post","status-publish","format-standard","has-post-thumbnail","hentry","category-politica"],"_links":{"self":[{"href":"https:\/\/www.caririemacao.com\/1\/wp-json\/wp\/v2\/posts\/80824","targetHints":{"allow":["GET"]}}],"collection":[{"href":"https:\/\/www.caririemacao.com\/1\/wp-json\/wp\/v2\/posts"}],"about":[{"href":"https:\/\/www.caririemacao.com\/1\/wp-json\/wp\/v2\/types\/post"}],"author":[{"embeddable":true,"href":"https:\/\/www.caririemacao.com\/1\/wp-json\/wp\/v2\/users\/1"}],"replies":[{"embeddable":true,"href":"https:\/\/www.caririemacao.com\/1\/wp-json\/wp\/v2\/comments?post=80824"}],"version-history":[{"count":1,"href":"https:\/\/www.caririemacao.com\/1\/wp-json\/wp\/v2\/posts\/80824\/revisions"}],"predecessor-version":[{"id":80825,"href":"https:\/\/www.caririemacao.com\/1\/wp-json\/wp\/v2\/posts\/80824\/revisions\/80825"}],"wp:featuredmedia":[{"embeddable":true,"href":"https:\/\/www.caririemacao.com\/1\/wp-json\/wp\/v2\/media\/80739"}],"wp:attachment":[{"href":"https:\/\/www.caririemacao.com\/1\/wp-json\/wp\/v2\/media?parent=80824"}],"wp:term":[{"taxonomy":"category","embeddable":true,"href":"https:\/\/www.caririemacao.com\/1\/wp-json\/wp\/v2\/categories?post=80824"},{"taxonomy":"post_tag","embeddable":true,"href":"https:\/\/www.caririemacao.com\/1\/wp-json\/wp\/v2\/tags?post=80824"}],"curies":[{"name":"wp","href":"https:\/\/api.w.org\/{rel}","templated":true}]}}